{"id":1169,"date":"2018-06-01T14:45:52","date_gmt":"2018-06-01T12:45:52","guid":{"rendered":"http:\/\/www.gemzse.hu\/?p=1169"},"modified":"2018-06-01T14:45:52","modified_gmt":"2018-06-01T12:45:52","slug":"sertestartok-figyelmebe","status":"publish","type":"post","link":"https:\/\/www.gemzse.hu\/?p=1169","title":{"rendered":"Sert\u00e9start\u00f3k figyelm\u00e9be"},"content":{"rendered":"<p>Felh\u00edvom a figyelm\u00e9t a sert\u00e9start\u00f3 gazd\u00e1knak, hogy a Szabolcs-Szatm\u00e1r-Bereg\u00a0megy\u00e9ben is bejelentett afrikai sert\u00e9spestis megbeteged\u00e9sek miatt\u00a0telep\u00fcl\u00e9s\u00fcnk\u00f6n is fokozott figyelmet kell ford\u00edtani a sert\u00e9s\u00e1llom\u00e1nyok\u00a0v\u00e9delm\u00e9re.<br \/>\nAz afrikai sert\u00e9spestis v\u00edrus okozta megbeteged\u00e9s, emberre nem vesz\u00e9lyes. Csak a\u00a0h\u00e1zi sert\u00e9sek \u00e9s vaddiszn\u00f3k fog\u00e9konyak a k\u00f3rokoz\u00f3 ir\u00e1nt. A v\u00edrus a k\u00f6rnyezetbe\u00a0ker\u00fclve viszonylag ellen\u00e1ll\u00f3, t\u00f6bb h\u00e9tig is fert\u0151z\u0151k\u00e9pes maradhat, ahonnan\u00a0k\u00fcl\u00f6nb\u00f6z\u0151 rag\u00e1lyfog\u00f3 t\u00e1rgyakkal (ruhanem\u0171kkel, cip\u0151vel, eszk\u00f6z\u00f6kkel stb.) m\u00e1s\u00a0sert\u00e9s \u00e1llom\u00e1nyokba is beker\u00fclhet. A fert\u0151z\u00f6tt \u00e1llatokb\u00f3l k\u00e9sz\u00edtett \u00e9lelmiszerekben\u00a0t\u00f6bb h\u00e9tig, a fagyasztott h\u00fasokban t\u00f6bb \u00e9vig fert\u0151z\u0151k\u00e9pes marad.<br \/>\nA v\u00e9dekez\u00e9sben els\u0151dleges a v\u00edrus beker\u00fcl\u00e9s\u00e9nek megakad\u00e1lyoz\u00e1sa, melyhez\u00a0az al\u00e1bbi int\u00e9zked\u00e9sek sz\u00fcks\u00e9gesek a sert\u00e9start\u00f3k r\u00e9sz\u00e9r\u0151l:<br \/>\n&#8211; Az \u00e1llatokat, amennyire lehets\u00e9ges, z\u00e1rtan kell tartani.<br \/>\n&#8211; Sert\u00e9sek gondoz\u00e1s\u00e1t v\u00e9gz\u0151 szem\u00e9lynek a sert\u00e9s\u00e1llom\u00e1nnyal kapcsolatos munk\u00e1k\u00a0el\u0151tt k\u00e9zmos\u00e1st k\u00f6vet\u0151en \u00e1t kell \u00f6lt\u00f6zni egy olyan \u00f6lt\u00f6z\u00e9kbe \u00e9s l\u00e1bbelibe, amelyet\u00a0csak a sert\u00e9s\u00f3lban \u00e9s k\u00f6rny\u00e9k\u00e9n haszn\u00e1l.<br \/>\n&#8211; A sert\u00e9sek etet\u00e9s\u00e9hez, a sert\u00e9s\u00f3l takar\u00edt\u00e1shoz sz\u00fcks\u00e9ges eszk\u00f6z\u00f6ket m\u00e1shol, m\u00e1s\u00a0munk\u00e1kra nem szabad haszn\u00e1lni.<br \/>\n&#8211; Idegeneket, vagy sert\u00e9start\u00f3 ismer\u0151s\u00f6ket a sert\u00e9sek k\u00f6zel\u00e9be nem szabad\u00a0engedni.<br \/>\n&#8211; Ukrajn\u00e1b\u00f3l sz\u00e1rmaz\u00f3 vagy ismeretlen eredet\u0171 sert\u00e9sh\u00fas tartalm\u00fa \u00e9lelmiszerek (pl.\u00a0kolb\u00e1sz, szal\u00e1mi), fagyasztott h\u00fasokb\u00f3l sz\u00e1rmaz\u00f3 mos\u00f3l\u00e9, egy\u00e9b \u00e9lelmiszerhullad\u00e9k\u00a0m\u00e9g v\u00e9letlen\u00fcl se ker\u00fcljenek a sert\u00e9sek takarm\u00e1ny\u00e1ba.<br \/>\n&#8211; Vaddiszn\u00f3k esetleges fert\u0151z\u0151d\u00e9se miatt sz\u00e1nt\u00f3f\u00f6ldr\u0151l, kasz\u00e1l\u00f3r\u00f3l, legel\u0151r\u0151l frissen\u00a0betakar\u00edtott takarm\u00e1nyt ill. alomanyagot szint\u00e9n ne haszn\u00e1ljunk h\u00e1zi sert\u00e9seink\u00a0ell\u00e1t\u00e1s\u00e1ra. A sz\u00e9n\u00e1t \u00e9s gabon\u00e1t a besz\u00e1ll\u00edt\u00e1st\u00f3l sz\u00e1m\u00edtva 30 napig, a szalm\u00e1t 90\u00a0napig kell t\u00e1rolni felhaszn\u00e1l\u00e1s el\u0151tt.<br \/>\n&#8211; \u00c9l\u0151 \u00e1llatot csak sert\u00e9s sz\u00e1ll\u00edt\u00f3lev\u00e9llel \u00e9s \u00e9rv\u00e9nyes \u00e1llatorvosi bizony\u00edtv\u00e1nnyal ell\u00e1tva<br \/>\nszabad v\u00e1s\u00e1rolni.<br \/>\nHa sert\u00e9se megbetegszik, azonnal \u00e9rtes\u00edteni kell az \u00e1llatorvos\u00e1t.<br \/>\nHa egy vagy t\u00f6bb sert\u00e9s hirtelen, minden l\u00e1that\u00f3 t\u00fcnet n\u00e9lk\u00fcl elhullik, ha egy vagy\u00a0t\u00f6bb \u00e1llat b\u00e1gyadt, nem eszik, l\u00e1zas, gyenge, bizonytalanul mozog, ha a b\u0151r\u00f6n\u00a0v\u00e9rz\u00e9sek figyelhet\u0151k meg, a b\u0151r v\u00f6r\u00f6ses lil\u00e1san elsz\u00ednez\u0151dik, v\u00e9res h\u00e1ny\u00e1st,\u00a0hasmen\u00e9st l\u00e1tunk, minden esetben gondolni kell afrikai sert\u00e9spestisre.<br \/>\nAmennyiben az \u00e1llattart\u00f3 t\u0151le telhet\u0151en k\u00f6zrem\u0171k\u00f6d\u00f6tt, a betegs\u00e9get id\u0151ben<br \/>\nbejelentette, az elv\u00e1rhat\u00f3 j\u00e1rv\u00e1nyv\u00e9delmi z\u00e1rts\u00e1got megteremtette, \u00e1llami\u00a0k\u00e1rtalan\u00edt\u00e1s mellett t\u00f6rt\u00e9nnek az esetleges j\u00e1rv\u00e1nyv\u00e9delmi int\u00e9zked\u00e9sek.<\/p>\n<p>Dr. Tam\u00e1s P\u00e9ter sk.<br \/>\nmegyei f\u0151\u00e1llatorvos<br \/>\nSzabolcs-Szatm\u00e1r-Bereg Megyei<br \/>\nKorm\u00e1nyhivatal<\/p>\n","protected":false},"excerpt":{"rendered":"<p>Felh\u00edvom a figyelm\u00e9t a sert\u00e9start\u00f3 gazd\u00e1knak, hogy a Szabolcs-Szatm\u00e1r-Bereg\u00a0megy\u00e9ben is bejelentett afrikai sert\u00e9spestis megbeteged\u00e9sek miatt\u00a0telep\u00fcl\u00e9s\u00fcnk\u00f6n is fokozott figyelmet kell ford\u00edtani a sert\u00e9s\u00e1llom\u00e1nyok\u00a0v\u00e9delm\u00e9re. Az afrikai sert\u00e9spestis v\u00edrus okozta megbeteged\u00e9s, emberre nem vesz\u00e9lyes. Csak a\u00a0h\u00e1zi sert\u00e9sek \u00e9s vaddiszn\u00f3k fog\u00e9konyak a k\u00f3rokoz\u00f3 ir\u00e1nt. A v\u00edrus a k\u00f6rnyezetbe\u00a0ker\u00fclve viszonylag ellen\u00e1ll\u00f3, t\u00f6bb h\u00e9tig is fert\u0151z\u0151k\u00e9pes maradhat, ahonnan\u00a0k\u00fcl\u00f6nb\u00f6z\u0151 rag\u00e1lyfog\u00f3 t\u00e1rgyakkal (ruhanem\u0171kkel, &hellip; <\/p>\n<p><a class=\"more-link btn\" href=\"https:\/\/www.gemzse.hu\/?p=1169\">Olvass tov\u00e1bb<\/a><\/p>\n","protected":false},"author":1,"featured_media":0,"comment_status":"closed","ping_status":"closed","sticky":false,"template":"","format":"standard","meta":{"footnotes":""},"categories":[1],"tags":[],"class_list":["post-1169","post","type-post","status-publish","format-standard","hentry","category-egyeb","item-wrap"],"_links":{"self":[{"href":"https:\/\/www.gemzse.hu\/index.php?rest_route=\/wp\/v2\/posts\/1169","targetHints":{"allow":["GET"]}}],"collection":[{"href":"https:\/\/www.gemzse.hu\/index.php?rest_route=\/wp\/v2\/posts"}],"about":[{"href":"https:\/\/www.gemzse.hu\/index.php?rest_route=\/wp\/v2\/types\/post"}],"author":[{"embeddable":true,"href":"https:\/\/www.gemzse.hu\/index.php?rest_route=\/wp\/v2\/users\/1"}],"replies":[{"embeddable":true,"href":"https:\/\/www.gemzse.hu\/index.php?rest_route=%2Fwp%2Fv2%2Fcomments&post=1169"}],"version-history":[{"count":1,"href":"https:\/\/www.gemzse.hu\/index.php?rest_route=\/wp\/v2\/posts\/1169\/revisions"}],"predecessor-version":[{"id":1170,"href":"https:\/\/www.gemzse.hu\/index.php?rest_route=\/wp\/v2\/posts\/1169\/revisions\/1170"}],"wp:attachment":[{"href":"https:\/\/www.gemzse.hu\/index.php?rest_route=%2Fwp%2Fv2%2Fmedia&parent=1169"}],"wp:term":[{"taxonomy":"category","embeddable":true,"href":"https:\/\/www.gemzse.hu\/index.php?rest_route=%2Fwp%2Fv2%2Fcategories&post=1169"},{"taxonomy":"post_tag","embeddable":true,"href":"https:\/\/www.gemzse.hu\/index.php?rest_route=%2Fwp%2Fv2%2Ftags&post=1169"}],"curies":[{"name":"wp","href":"https:\/\/api.w.org\/{rel}","templated":true}]}}