{"id":1370,"date":"2019-10-10T11:55:13","date_gmt":"2019-10-10T09:55:13","guid":{"rendered":"http:\/\/www.gemzse.hu\/?p=1370"},"modified":"2019-10-10T11:56:06","modified_gmt":"2019-10-10T09:56:06","slug":"felsooktatasi-onkormanyzati-osztondijpalyazat","status":"publish","type":"post","link":"https:\/\/www.gemzse.hu\/?p=1370","title":{"rendered":"Fels\u0151oktat\u00e1si \u00d6nkorm\u00e1nyzati \u00d6szt\u00f6nd\u00edjp\u00e1ly\u00e1zat"},"content":{"rendered":"\n<h2 style=\"text-align: center;\">&#8222;A&#8221; T\u00cdPUS\u00da P\u00c1LY\u00c1ZATI KI\u00cdR\u00c1S<\/h2>\n<p style=\"text-align: center;\"><strong>\u00a0<\/strong><\/p>\n<p style=\"text-align: center;\"><strong>Gemzse K\u00f6sz\u00e9g \u00d6nkorm\u00e1nyzata az Emberi Er\u0151forr\u00e1sok Miniszt\u00e9rium\u00e1val egy\u00fcttm\u0171k\u00f6dve, az 51\/2007. (III. 26.) Korm\u00e1nyrendelet alapj\u00e1n<\/strong><\/p>\n<p style=\"text-align: center;\"><strong>ezennel ki\u00edrja a 2020. \u00e9vre<\/strong><\/p>\n<p style=\"text-align: center;\"><strong>a Bursa Hungarica Fels\u0151oktat\u00e1si \u00d6nkorm\u00e1nyzati \u00d6szt\u00f6nd\u00edjp\u00e1ly\u00e1zatot<\/strong><\/p>\n<p style=\"text-align: center;\"><strong>fels\u0151oktat\u00e1si hallgat\u00f3k sz\u00e1m\u00e1ra<\/strong><\/p>\n<p style=\"text-align: center;\"><strong>a 2019\/2020. tan\u00e9v m\u00e1sodik \u00e9s a 2020\/2021. tan\u00e9v els\u0151 f\u00e9l\u00e9v\u00e9re vonatkoz\u00f3an,<\/strong><\/p>\n<p style=\"text-align: center;\"><strong>\u00f6sszhangban <\/strong><\/p>\n<p><strong>\u00a0<\/strong><\/p>\n<ul>\n<li>a nemzeti fels\u0151oktat\u00e1sr\u00f3l sz\u00f3l\u00f3 2011. \u00e9vi CCIV. t\u00f6rv\u00e9ny<\/li>\n<li>a fels\u0151oktat\u00e1sban r\u00e9szt vev\u0151 hallgat\u00f3k juttat\u00e1sair\u00f3l \u00e9s az \u00e1ltaluk fizetend\u0151 egyes t\u00e9r\u00edt\u00e9sekr\u0151l sz\u00f3l\u00f3 51\/2007. (III. 26.) Korm. rendelet<\/li>\n<li>a Nemzeti K\u00f6zszolg\u00e1lati Egyetemr\u0151l, valamint a k\u00f6zigazgat\u00e1si, rend\u00e9szeti \u00e9s katonai fels\u0151oktat\u00e1sr\u00f3l sz\u00f3l\u00f3 2011. \u00e9vi CXXXII. t\u00f6rv\u00e9ny<\/li>\n<li>a Nemzeti K\u00f6zszolg\u00e1lati Egyetemr\u0151l, valamint a k\u00f6zigazgat\u00e1si, rend\u00e9szeti \u00e9s katonai fels\u0151oktat\u00e1sr\u00f3l sz\u00f3l\u00f3 2011. \u00e9vi CXXXII. t\u00f6rv\u00e9ny egyes rendelkez\u00e9seinek v\u00e9grehajt\u00e1s\u00e1r\u00f3l sz\u00f3l\u00f3 363\/2011. (XII. 30.) Korm. rendelet<\/li>\n<li>a szoci\u00e1lis igazgat\u00e1sr\u00f3l \u00e9s szoci\u00e1lis ell\u00e1t\u00e1sokr\u00f3l sz\u00f3l\u00f3 1993. \u00e9vi III. t\u00f6rv\u00e9ny<\/li>\n<li>az \u00e1llamh\u00e1ztart\u00e1sr\u00f3l sz\u00f3l\u00f3 2011. \u00e9vi CXCV. t\u00f6rv\u00e9ny (a tov\u00e1bbiakban: \u00c1ht.)<\/li>\n<li>az \u00e1llamh\u00e1ztart\u00e1sr\u00f3l sz\u00f3l\u00f3 t\u00f6rv\u00e9ny v\u00e9grehajt\u00e1s\u00e1r\u00f3l sz\u00f3l\u00f3 368\/2011. (XII. 31.) Korm. rendelet (a tov\u00e1bbiakban: \u00c1vr.)<\/li>\n<li>Magyarorsz\u00e1g helyi \u00f6nkorm\u00e1nyzatair\u00f3l sz\u00f3l\u00f3 2011. \u00e9vi CLXXXIX. t\u00f6rv\u00e9ny<\/li>\n<li>a polg\u00e1rok szem\u00e9lyi adatainak \u00e9s lakc\u00edm\u00e9nek nyilv\u00e1ntart\u00e1s\u00e1r\u00f3l sz\u00f3l\u00f3 1992. \u00e9vi LXVI. t\u00f6rv\u00e9ny<\/li>\n<li>az elektronikus \u00fcgyint\u00e9z\u00e9s \u00e9s a bizalmi szolg\u00e1ltat\u00e1sok \u00e1ltal\u00e1nos szab\u00e1lyair\u00f3l sz\u00f3l\u00f3 2015. \u00e9vi CCXXII. t\u00f6rv\u00e9ny<\/li>\n<li>az elektronikus \u00fcgyint\u00e9z\u00e9s r\u00e9szletszab\u00e1lyair\u00f3l sz\u00f3l\u00f3 451\/2016. (XII. 19.) Korm. rendelet<\/li>\n<li>az inform\u00e1ci\u00f3s \u00f6nrendelkez\u00e9si jogr\u00f3l \u00e9s az inform\u00e1ci\u00f3szabads\u00e1gr\u00f3l sz\u00f3l\u00f3 2011. \u00e9vi CXII. t\u00f6rv\u00e9ny<\/li>\n<li>a B\u00fcntet\u0151 T\u00f6rv\u00e9nyk\u00f6nyvr\u0151l sz\u00f3l\u00f3 2012. \u00e9vi C. t\u00f6rv\u00e9ny (Btk),<\/li>\n<li>az inform\u00e1ci\u00f3s \u00f6nrendelkez\u00e9si jogr\u00f3l \u00e9s az inform\u00e1ci\u00f3szabads\u00e1gr\u00f3l sz\u00f3l\u00f3 2011. \u00e9vi CXII. t\u00f6rv\u00e9ny<\/li>\n<\/ul>\n<p>vonatkoz\u00f3 rendelkez\u00e9seivel.<!--more--><\/p>\n<ol>\n<li><strong> A p\u00e1ly\u00e1zat c\u00e9lja<\/strong><strong style=\"font-size: inherit;\">\u00a0<\/strong><\/li>\n<\/ol>\n<p>A Bursa Hungarica Fels\u0151oktat\u00e1si \u00d6nkorm\u00e1nyzati \u00d6szt\u00f6nd\u00edjrendszer (a tov\u00e1bbiakban: Bursa Hungarica \u00d6szt\u00f6nd\u00edjrendszer) c\u00e9lja az es\u00e9lyteremt\u00e9s \u00e9rdek\u00e9ben a h\u00e1tr\u00e1nyos helyzet\u0171, szoci\u00e1lisan r\u00e1szorul\u00f3 fiatalok fels\u0151oktat\u00e1sban val\u00f3 r\u00e9szv\u00e9tel\u00e9nek t\u00e1mogat\u00e1sa. A Bursa Hungarica \u00d6szt\u00f6nd\u00edjrendszer t\u00f6bbszint\u0171 t\u00e1mogat\u00e1si rendszer, amelynek p\u00e9nz\u00fcgyi fedezetek\u00e9nt h\u00e1rom forr\u00e1s szolg\u00e1l: a telep\u00fcl\u00e9si \u00f6nkorm\u00e1nyzatok \u00e1ltal ny\u00fajtott t\u00e1mogat\u00e1s, a megyei \u00f6nkorm\u00e1nyzatok \u00e1ltal ny\u00fajtott t\u00e1mogat\u00e1s \u00e9s a fels\u0151oktat\u00e1si int\u00e9zm\u00e9nyi t\u00e1mogat\u00e1s. Az \u00f6szt\u00f6nd\u00edjp\u00e1ly\u00e1zattal kapcsolatos adatb\u00e1zis-kezel\u0151i, koordin\u00e1ci\u00f3s, a telep\u00fcl\u00e9si \u00e9s megyei \u00f6szt\u00f6nd\u00edjjal kapcsolatos p\u00e9nzkezel\u00e9si feladatokat az Emberi Er\u0151forr\u00e1s T\u00e1mogat\u00e1skezel\u0151 (a tov\u00e1bbiakban: T\u00e1mogat\u00e1skezel\u0151) v\u00e9gzi, m\u00edg az elb\u00edr\u00e1l\u00e1si feladatokat az \u00f6szt\u00f6nd\u00edjp\u00e1ly\u00e1zathoz csatlakoz\u00f3 telep\u00fcl\u00e9si \u00e9s megyei \u00f6nkorm\u00e1nyzatok l\u00e1tj\u00e1k el.<strong>\u00a0<\/strong><\/p>\n<p><strong>A Bursa Hungarica Fels\u0151oktat\u00e1si \u00d6nkorm\u00e1nyzati \u00d6szt\u00f6nd\u00edjrendszer jogszab\u00e1lyi h\u00e1tter\u00e9\u00fcl <em>a fels\u0151oktat\u00e1sban r\u00e9szt vev\u0151 hallgat\u00f3k juttat\u00e1sair\u00f3l \u00e9s az \u00e1ltaluk fizetend\u0151 egyes t\u00e9r\u00edt\u00e9sekr\u0151l sz\u00f3l\u00f3 51\/2007. (III. 26.) Korm. rendelet (a tov\u00e1bbiakban: <\/em><\/strong><strong>51\/2007. (III. 26.) Korm. rendelet)<\/strong> <strong><em>\u00e9s a nemzeti fels\u0151oktat\u00e1sr\u00f3l sz\u00f3l\u00f3 2011. \u00e9vi CCIV. t\u00f6rv\u00e9ny <\/em><\/strong><strong>szolg\u00e1l.<\/strong><\/p>\n<ol start=\"2\">\n<li><strong> A<\/strong><strong> p\u00e1ly\u00e1z\u00f3k k\u00f6re<\/strong><strong style=\"font-size: inherit;\">\u00a0<\/strong><\/li>\n<\/ol>\n<p>A Bursa Hungarica \u00d6szt\u00f6nd\u00edjban az 51\/2007. (III. 26.) Korm. rendelet 18. \u00a7 (2) bekezd\u00e9se alapj\u00e1n kiz\u00e1r\u00f3lag a telep\u00fcl\u00e9si \u00f6nkorm\u00e1nyzat ter\u00fclet\u00e9n \u00e1lland\u00f3 lak\u00f3hellyel (a tov\u00e1bbiakban: lak\u00f3hely) rendelkez\u0151k r\u00e9szes\u00fclhetnek. [A Korm\u00e1nyrendelet \u201e\u00e1lland\u00f3 lak\u00f3hely\u201d fogalma a polg\u00e1rok szem\u00e9lyi adatainak \u00e9s lakc\u00edm\u00e9nek nyilv\u00e1ntart\u00e1s\u00e1r\u00f3l sz\u00f3l\u00f3 1992. \u00e9vi LXVI. t\u00f6rv\u00e9ny \u201elak\u00f3hely\u201d fogalm\u00e1nak feleltethet\u0151 meg, amelyet a p\u00e1ly\u00e1z\u00f3 a lakc\u00edmk\u00e1rty\u00e1j\u00e1val tud igazolni.]<strong>\u00a0<\/strong><\/p>\n<p>Az \u00f6szt\u00f6nd\u00edjp\u00e1ly\u00e1zatra azok <strong>a telep\u00fcl\u00e9si \u00f6nkorm\u00e1nyzat ter\u00fclet\u00e9n lak\u00f3hellyel rendelkez\u0151,<\/strong> <strong>h\u00e1tr\u00e1nyos szoci\u00e1lis helyzet\u0171<\/strong> fels\u0151oktat\u00e1si <strong>hallgat\u00f3k<\/strong> jelentkezhetnek, akik fels\u0151oktat\u00e1si int\u00e9zm\u00e9nyben (fels\u0151oktat\u00e1si hallgat\u00f3i jogviszony keret\u00e9ben) <strong>teljes idej\u0171 (nappali munkarend) <\/strong>alapfokozatot \u00e9s szakk\u00e9pzetts\u00e9get eredm\u00e9nyez\u0151 alapk\u00e9pz\u00e9sben, mesterfokozatot \u00e9s szakk\u00e9pzetts\u00e9get eredm\u00e9nyez\u0151 mesterk\u00e9pz\u00e9sben, osztatlan k\u00e9pz\u00e9sben vagy fels\u0151fok\u00fa, illetve fels\u0151oktat\u00e1si szakk\u00e9pz\u00e9sben folytatj\u00e1k tanulm\u00e1nyaikat.<em>\u00a0<\/em><\/p>\n<p><em>Az \u00f6szt\u00f6nd\u00edjra p\u00e1ly\u00e1zhatnak a 2019 szeptember\u00e9ben fels\u0151oktat\u00e1si tanulm\u00e1nyaik utols\u00f3 \u00e9v\u00e9t megkezd\u0151 hallgat\u00f3k is. Amennyiben az \u00f6szt\u00f6nd\u00edjas hallgat\u00f3i jogviszonya 2020 \u0151sz\u00e9n m\u00e1r nem \u00e1ll fenn, \u00fagy a 2020\/2021. tan\u00e9v els\u0151 f\u00e9l\u00e9v\u00e9re es\u0151 \u00f6szt\u00f6nd\u00edj m\u00e1r nem ker\u00fcl foly\u00f3s\u00edt\u00e1sra.<\/em><em>\u00a0<\/em><\/p>\n<p><em>Az \u00f6szt\u00f6nd\u00edjra p\u00e1ly\u00e1zatot ny\u00fajthatnak be azok a hallgat\u00f3k is, akiknek a hallgat\u00f3i jogviszonya a fels\u0151oktat\u00e1si int\u00e9zm\u00e9nyben a p\u00e1ly\u00e1z\u00e1s id\u0151pontj\u00e1ban sz\u00fcnetel. Az \u00f6szt\u00f6nd\u00edj foly\u00f3s\u00edt\u00e1s\u00e1nak felt\u00e9tele, hogy a 2019\/2020. tan\u00e9v m\u00e1sodik f\u00e9l\u00e9v\u00e9re a beiratkozott hallgat\u00f3 akt\u00edv hallgat\u00f3i jogviszonnyal rendelkezzen.<\/em><\/p>\n<p><strong>Nem r\u00e9szes\u00fclhet \u00f6szt\u00f6nd\u00edjban az a p\u00e1ly\u00e1z\u00f3, aki:<\/strong><strong>\u00a0<\/strong><\/p>\n<ul>\n<li>a Magyar Honv\u00e9ds\u00e9g \u00e9s a rendv\u00e9delmi feladatokat ell\u00e1t\u00f3 szervek hivat\u00e1sos \u00e9s szerz\u0151d\u00e9ses \u00e1llom\u00e1ny\u00fa hallgat\u00f3ja<\/li>\n<li>doktori (PhD) k\u00e9pz\u00e9sben vesz r\u00e9szt<\/li>\n<li>kiz\u00e1r\u00f3lag k\u00fclf\u00f6ldi int\u00e9zm\u00e9nnyel \u00e1ll hallgat\u00f3i jogviszonyban \u00e9s\/vagy vend\u00e9ghallgat\u00f3i k\u00e9pz\u00e9sben vesz r\u00e9szt.<em style=\"font-size: inherit;\">\u00a0<\/em><\/li>\n<\/ul>\n<p><strong>Amennyiben a p\u00e1ly\u00e1z\u00f3 a t\u00e1mogat\u00e1st ism\u00e9telten ig\u00e9nybe k\u00edv\u00e1nja venni \u2013 a vonatkoz\u00f3 jogszab\u00e1lyok biztos\u00edtotta keretek k\u00f6z\u00f6tt \u2013, \u00fagy az \u00f6szt\u00f6nd\u00edj-p\u00e1ly\u00e1zatot a k\u00f6vetkez\u0151 \u00e9vi p\u00e1ly\u00e1zati fordul\u00f3kban \u00fajra be kell ny\u00fajtania.<\/strong><strong>\u00a0<\/strong><\/p>\n<ol start=\"3\">\n<li><strong> A<\/strong><strong> p\u00e1ly\u00e1zat beny\u00fajt\u00e1s\u00e1nak m\u00f3dja \u00e9s hat\u00e1rideje<\/strong><strong style=\"font-size: inherit;\">\u00a0<\/strong><\/li>\n<\/ol>\n<p>A p\u00e1ly\u00e1zatbead\u00e1shoz a Bursa Hungarica Elektronikus P\u00e1ly\u00e1zatkezel\u00e9si \u00e9s Egy\u00fcttm\u0171k\u00f6d\u00e9si Rendszerben (a tov\u00e1bbiakban: EPER-Bursa rendszer) egyszeri p\u00e1ly\u00e1z\u00f3i regisztr\u00e1ci\u00f3 sz\u00fcks\u00e9ges, melynek el\u00e9r\u00e9se:<\/p>\n<p><a href=\"https:\/\/bursa.emet.hu\/paly\/palybelep.aspx\">https:\/\/bursa.emet.hu\/paly\/palybelep.aspx<\/a><\/p>\n<p>Azok a p\u00e1ly\u00e1z\u00f3k, akik a kor\u00e1bbi p\u00e1ly\u00e1zati \u00e9vekben regisztr\u00e1ltak a rendszerben, m\u00e1r nem regisztr\u00e1lhatnak \u00fajra, \u0151k a megl\u00e9v\u0151 felhaszn\u00e1l\u00f3n\u00e9v \u00e9s jelsz\u00f3 birtok\u00e1ban l\u00e9phetnek be az EPER-Bursa rendszerbe. Amennyiben jelszavukat elfelejtett\u00e9k, az <em>Elfelejtett jelsz\u00f3<\/em> funkci\u00f3val k\u00e9rhetnek \u00faj jelsz\u00f3t. A p\u00e1ly\u00e1z\u00f3i regisztr\u00e1ci\u00f3t k\u00f6vet\u0151en lehets\u00e9ges a p\u00e1ly\u00e1zati adatok r\u00f6gz\u00edt\u00e9se a <u>csatlakozott \u00f6nkorm\u00e1nyzatok<\/u> p\u00e1ly\u00e1z\u00f3i r\u00e9sz\u00e9re. A p\u00e1ly\u00e1zati \u0171rlapot minden fordul\u00f3ban \u00fajra ki kell t\u00f6lteni! A szem\u00e9lyes \u00e9s p\u00e1ly\u00e1zati adatok ellen\u0151rz\u00e9s\u00e9t, r\u00f6gz\u00edt\u00e9s\u00e9t k\u00f6vet\u0151en a <u>p\u00e1ly\u00e1zati \u0171rlapot kinyomtatva \u00e9s al\u00e1\u00edrva<\/u> a telep\u00fcl\u00e9si \u00f6nkorm\u00e1nyzatn\u00e1l kell beny\u00fajtaniuk a p\u00e1ly\u00e1z\u00f3knak. A p\u00e1ly\u00e1zat csak a p\u00e1ly\u00e1zati ki\u00edr\u00e1sban meghat\u00e1rozott csatoland\u00f3 mell\u00e9kletekkel egy\u00fctt \u00e9rv\u00e9nyes. A p\u00e1ly\u00e1zati ki\u00edr\u00e1sban meghat\u00e1rozott valamely mell\u00e9klet hi\u00e1ny\u00e1ban a p\u00e1ly\u00e1zat formai hib\u00e1snak min\u0151s\u00fcl. A beny\u00fajtott p\u00e1ly\u00e1zatok befogad\u00e1s\u00e1t az \u00f6nkorm\u00e1nyzat k\u00f6teles az EPER-Bursa rendszerben igazolni. A nem befogadott p\u00e1ly\u00e1zatok a b\u00edr\u00e1latban nem vesznek r\u00e9szt.<\/p>\n<p><strong>A p\u00e1ly\u00e1zat r\u00f6gz\u00edt\u00e9s\u00e9nek \u00e9s az \u00f6nkorm\u00e1nyzathoz t\u00f6rt\u00e9n\u0151 beny\u00fajt\u00e1s\u00e1nak <\/strong><\/p>\n<p><strong>hat\u00e1rideje: 2019. november 5.<\/strong><strong>\u00a0<\/strong><\/p>\n<p>A p\u00e1ly\u00e1zatot az EPER-Bursa rendszerben kit\u00f6ltve, v\u00e9gleges\u00edtve, onnan kinyomtatva, al\u00e1\u00edrva kiz\u00e1r\u00f3lag a lak\u00f3hely szerint illet\u00e9kes telep\u00fcl\u00e9si \u00f6nkorm\u00e1nyzat polg\u00e1rmesteri hivatal\u00e1n\u00e1l kell beny\u00fajtani.<\/p>\n<p>\u00a0<\/p>\n<p><strong><u>A p\u00e1ly\u00e1zat k\u00f6telez\u0151 mell\u00e9kletei:<\/u><\/strong><\/p>\n<p><strong>\u00a0<\/strong><\/p>\n<p><strong>a) A fels\u0151oktat\u00e1si int\u00e9zm\u00e9ny \u00e1ltal kibocs\u00e1tott hallgat\u00f3i jogviszony-igazol\u00e1s a 2019\/2020. tan\u00e9v els\u0151 f\u00e9l\u00e9v\u00e9r\u0151l.<\/strong><\/p>\n<p>Amennyiben a p\u00e1ly\u00e1z\u00f3 egy id\u0151ben t\u00f6bb fels\u0151oktat\u00e1si int\u00e9zm\u00e9nnyel is hallgat\u00f3i jogviszonyban \u00e1ll, p\u00e1ly\u00e1zat\u00e1ban csak azt a fels\u0151oktat\u00e1si int\u00e9zm\u00e9nyt kell megneveznie, amellyel els\u0151k\u00e9nt l\u00e9tes\u00edtett hallgat\u00f3i jogviszonyt. A fels\u0151oktat\u00e1si int\u00e9zm\u00e9nyek szerz\u0151d\u00e9se alapj\u00e1n foly\u00f3, k\u00f6z\u00f6sen meghirdetett \u2013 egyik szakon nem hit\u00e9leti, a m\u00e1sik szakon hitoktat\u00f3, illetve hittan\u00e1r \u2013 k\u00e9tszakos k\u00e9pz\u00e9s eset\u00e9ben a hallgat\u00f3 az \u00e1llami fels\u0151oktat\u00e1si int\u00e9zm\u00e9nyt k\u00f6teles megnevezni.<strong>\u00a0<\/strong><\/p>\n<p><strong>b) Igazol\u00e1s a p\u00e1ly\u00e1z\u00f3 \u00e9s a p\u00e1ly\u00e1z\u00f3val egy h\u00e1ztart\u00e1sban \u00e9l\u0151k egy f\u0151re jut\u00f3 havi nett\u00f3 j\u00f6vedelm\u00e9r\u0151l.<\/strong><\/p>\n<p><strong>c) A szoci\u00e1lis r\u00e1szorults\u00e1g igazol\u00e1s\u00e1ra az al\u00e1bbi okiratok:<\/strong><strong>\u00a0<\/strong><\/p>\n<p>A tov\u00e1bbi mell\u00e9kleteket az elb\u00edr\u00e1l\u00f3 telep\u00fcl\u00e9si \u00f6nkorm\u00e1nyzat hat\u00e1rozza meg.<\/p>\n<p><strong>A p\u00e1ly\u00e1zati \u0171rlap csak a fent meghat\u00e1rozott k\u00f6telez\u0151 mell\u00e9kletekkel egy\u00fctt \u00e9rv\u00e9nyes, valamely mell\u00e9klet hi\u00e1ny\u00e1ban a p\u00e1ly\u00e1zat formai hib\u00e1snak min\u0151s\u00fcl.<\/strong><\/p>\n<p><strong><em><u>Egy h\u00e1ztart\u00e1sban \u00e9l\u0151k:<\/u><\/em><\/strong> <em>a p\u00e1ly\u00e1z\u00f3 lak\u00f3helye szerinti lak\u00e1sban \u00e9letvitelszer\u0171en egy\u00fcttlak\u00f3, ott bejelentett lak\u00f3hellyel vagy tart\u00f3zkod\u00e1si hellyel rendelkez\u0151 szem\u00e9lyek.<\/em><em>\u00a0<\/em><\/p>\n<p><strong><em><u>J\u00f6vedelem:<\/u><\/em><\/strong><\/p>\n<p><em>A szoci\u00e1lis igazgat\u00e1sr\u00f3l \u00e9s szoci\u00e1lis ell\u00e1t\u00e1sokr\u00f3l sz\u00f3l\u00f3 1993. \u00e9vi III. t\u00f6rv\u00e9ny 4. \u00a7 (1) bekezd\u00e9s a) pontja alapj\u00e1n az elismert k\u00f6lts\u00e9gekkel \u00e9s a befizet\u00e9si k\u00f6telezetts\u00e9ggel cs\u00f6kkentett<\/em><\/p>\n<p><em>&#8211; aa) <\/em>a szem\u00e9lyi j\u00f6vedelemad\u00f3r\u00f3l sz\u00f3l\u00f3 1995. \u00e9vi CXVII. t\u00f6rv\u00e9ny (a tov\u00e1bbiakban: Szjatv.) szerint meghat\u00e1rozott, belf\u00f6ldr\u0151l vagy k\u00fclf\u00f6ldr\u0151l sz\u00e1rmaz\u00f3 &#8211; megszerzett &#8211; vagyoni \u00e9rt\u00e9k (bev\u00e9tel), ide\u00e9rtve az Szjatv. 1. sz\u00e1m\u00fa mell\u00e9klete szerinti ad\u00f3mentes bev\u00e9telt<em>, \u00e9s<\/em><\/p>\n<p><em>&#8211; <\/em><em>azon bev\u00e9tel, amely ut\u00e1n az egyszer\u0171s\u00edtett v\u00e1llalkoz\u00f3i ad\u00f3r\u00f3l, a kisad\u00f3z\u00f3 v\u00e1llalkoz\u00e1sok t\u00e9teles ad\u00f3j\u00e1r\u00f3l \u00e9s a kisv\u00e1llalati ad\u00f3r\u00f3l sz\u00f3l\u00f3 t\u00f6rv\u00e9ny, vagy az egyszer\u0171s\u00edtett k\u00f6ztehervisel\u00e9si hozz\u00e1j\u00e1rul\u00e1sr\u00f3l sz\u00f3l\u00f3 t\u00f6rv\u00e9ny szerint ad\u00f3t, illetve hozz\u00e1j\u00e1rul\u00e1st kell fizetni.<\/em><em>\u00a0<\/em><\/p>\n<p><strong><em><u>Elismert k\u00f6lts\u00e9gnek<\/u><\/em><\/strong><em> min\u0151s\u00fcl a szem\u00e9lyi j\u00f6vedelemad\u00f3r\u00f3l sz\u00f3l\u00f3 t\u00f6rv\u00e9nyben elismert k\u00f6lts\u00e9g, valamint a fizetett tart\u00e1sd\u00edj. Ha a mag\u00e1nszem\u00e9ly az egyszer\u0171s\u00edtett v\u00e1llalkoz\u00f3i ad\u00f3 vagy egyszer\u0171s\u00edtett k\u00f6ztehervisel\u00e9si hozz\u00e1j\u00e1rul\u00e1s alapj\u00e1ul szolg\u00e1l\u00f3 bev\u00e9telt szerez, a bev\u00e9tel cs\u00f6kkenthet\u0151 a szem\u00e9lyi j\u00f6vedelemad\u00f3r\u00f3l sz\u00f3l\u00f3 t\u00f6rv\u00e9ny szerint elismert k\u00f6lts\u00e9gnek min\u0151s\u00fcl\u0151 igazolt kiad\u00e1sokkal, ennek hi\u00e1ny\u00e1ban a bev\u00e9tel 40%-\u00e1val. Ha a mez\u0151gazdas\u00e1gi \u0151stermel\u0151 ad\u00f3\u00e9vi \u0151stermel\u00e9sb\u0151l sz\u00e1rmaz\u00f3 bev\u00e9tele nem t\u00f6bb a kistermel\u00e9s \u00e9rt\u00e9khat\u00e1r\u00e1n\u00e1l (illetve ha r\u00e9sz\u00e9re t\u00e1mogat\u00e1st foly\u00f3s\u00edtottak, annak a foly\u00f3s\u00edtott t\u00e1mogat\u00e1ssal n\u00f6velt \u00f6sszeg\u00e9n\u00e9l), akkor a bev\u00e9tel cs\u00f6kkenthet\u0151 az igazolt k\u00f6lts\u00e9gekkel, tov\u00e1bb\u00e1 a bev\u00e9tel 40%-\u00e1nak megfelel\u0151 \u00f6sszeggel, vagy a bev\u00e9tel 85%-\u00e1nak, illet\u0151leg \u00e1llatteny\u00e9szt\u00e9s eset\u00e9n 94%-\u00e1nak megfelel\u0151 \u00f6sszeggel.<\/em><\/p>\n<p><strong><em><u>\u00a0<\/u><\/em><\/strong><\/p>\n<p><strong><em><u>Befizet\u00e9si k\u00f6telezetts\u00e9gnek<\/u><\/em><\/strong><em> min\u0151s\u00fcl a szem\u00e9lyi j\u00f6vedelemad\u00f3, az egyszer\u0171s\u00edtett v\u00e1llalkoz\u00e1si ad\u00f3, a mag\u00e1nszem\u00e9lyt terhel\u0151 egyszer\u0171s\u00edtett k\u00f6ztehervisel\u00e9si hozz\u00e1j\u00e1rul\u00e1s, eg\u00e9szs\u00e9g\u00fcgyi hozz\u00e1j\u00e1rul\u00e1s \u00e9s j\u00e1rul\u00e9k, eg\u00e9szs\u00e9g\u00fcgyi szolg\u00e1ltat\u00e1si j\u00e1rul\u00e9k, nyugd\u00edjj\u00e1rul\u00e9k, nyugd\u00edjbiztos\u00edt\u00e1si j\u00e1rul\u00e9k, mag\u00e1n-nyugd\u00edjp\u00e9nzt\u00e1ri tagd\u00edj \u00e9s munkav\u00e1llal\u00f3i j\u00e1rul\u00e9k.<\/em><\/p>\n<p><em>\u00a0<\/em><\/p>\n<p><strong><em><u>Nem min\u0151s\u00fcl j\u00f6vedelemnek<\/u><\/em><\/strong><\/p>\n<ol style=\"list-style-type: lower-alpha;\">\n<li><em>a rendk\u00edv\u00fcli telep\u00fcl\u00e9si t\u00e1mogat\u00e1s, a lak\u00e1sfenntart\u00e1si t\u00e1mogat\u00e1s, az ad\u00f3ss\u00e1gcs\u00f6kkent\u00e9si t\u00e1mogat\u00e1s, valamint a lakhat\u00e1shoz kapcsol\u00f3d\u00f3 rendszeres kiad\u00e1sok visel\u00e9s\u00e9hez, a gy\u00f3gyszerkiad\u00e1sok visel\u00e9s\u00e9hez \u00e9s a lakhat\u00e1si kiad\u00e1sokhoz kapcsol\u00f3d\u00f3 h\u00e1tral\u00e9kot felhalmoz\u00f3 szem\u00e9lyek r\u00e9sz\u00e9re ny\u00fajtott telep\u00fcl\u00e9si t\u00e1mogat\u00e1s<\/em><em>,<\/em><\/li>\n<li><em>a rendk\u00edv\u00fcli gyermekv\u00e9delmi t\u00e1mogat\u00e1s, a gyermekek v\u00e9delm\u00e9r\u0151l \u00e9s a gy\u00e1m\u00fcgyi igazgat\u00e1sr\u00f3l sz\u00f3l\u00f3 1997. \u00e9vi XXXI. t\u00f6rv\u00e9ny (a tov\u00e1bbiakban: Gyvt.) 20\/A. \u00a7-a szerinti t\u00e1mogat\u00e1s, a Gyvt. 20\/B. \u00a7-\u00e1nak (4)-(5) bekezd\u00e9se szerinti p\u00f3tl\u00e9k, a nevel\u0151sz\u00fcl\u0151k sz\u00e1m\u00e1ra fizetett nevel\u00e9si d\u00edj \u00e9s k\u00fcl\u00f6n ell\u00e1tm\u00e1ny,<\/em><\/li>\n<li><em>az anyas\u00e1gi t\u00e1mogat\u00e1s,<\/em><\/li>\n<li><em>a tizenharmadik havi nyugd\u00edj \u00e9s a sz\u00e9pkor\u00faak jubileumi juttat\u00e1sa,<\/em><\/li>\n<li><em>a szem\u00e9lyes gondoskod\u00e1s\u00e9rt fizetend\u0151 szem\u00e9lyi t\u00e9r\u00edt\u00e9si d\u00edj meg\u00e1llap\u00edt\u00e1sa kiv\u00e9tel\u00e9vel a s\u00falyos mozg\u00e1skorl\u00e1tozott szem\u00e9lyek p\u00e9nzbeli k\u00f6zleked\u00e9si kedvezm\u00e9nyei, a vakok szem\u00e9lyi j\u00e1rad\u00e9ka \u00e9s a fogyat\u00e9koss\u00e1gi t\u00e1mogat\u00e1s,<\/em><\/li>\n<li><em>a fogad\u00f3 szervezet \u00e1ltal az \u00f6nk\u00e9ntesnek k\u00fcl\u00f6n t\u00f6rv\u00e9ny alapj\u00e1n biztos\u00edtott juttat\u00e1s,<\/em><\/li>\n<li><em>az alkalmi munkav\u00e1llal\u00f3i k\u00f6nyvvel t\u00f6rt\u00e9n\u0151 munkav\u00e9gz\u00e9snek, az egyszer\u0171s\u00edtett foglalkoztat\u00e1sr\u00f3l sz\u00f3l\u00f3 t\u00f6rv\u00e9ny alapj\u00e1n t\u00f6rt\u00e9n\u0151 munkav\u00e9gz\u00e9snek, valamint a term\u00e9szetes szem\u00e9lyek k\u00f6z\u00f6tt az ad\u00f3rendszeren k\u00edv\u00fcli keresettel j\u00e1r\u00f3 foglalkoztat\u00e1sra vonatkoz\u00f3 rendelkez\u00e9sek alapj\u00e1n h\u00e1ztart\u00e1si munk\u00e1ra l\u00e9tes\u00edtett munkav\u00e9gz\u00e9sre ir\u00e1nyul\u00f3 jogviszony keret\u00e9ben t\u00f6rt\u00e9n\u0151 munkav\u00e9gz\u00e9snek (a tov\u00e1bbiakban: h\u00e1ztart\u00e1si munka) a havi ellen\u00e9rt\u00e9ke,<\/em><\/li>\n<li><em>a h\u00e1zi seg\u00edts\u00e9gny\u00fajt\u00e1s keret\u00e9ben t\u00e1rsadalmi gondoz\u00e1s\u00e9rt kapott tiszteletd\u00edj,<\/em><\/li>\n<li><em>az energiafelhaszn\u00e1l\u00e1shoz ny\u00fajtott t\u00e1mogat\u00e1s,<\/em><\/li>\n<li><em>a szoci\u00e1lis sz\u00f6vetkezet valamint a k\u00f6z\u00e9rdek\u0171 nyugd\u00edjas sz\u00f6vetkezet \u00f6regs\u00e9gi nyugd\u00edjban vagy \u00e1tmeneti b\u00e1ny\u00e1sz j\u00e1rad\u00e9kban r\u00e9szes\u00fcl\u0151 tagja \u00e1ltal a sz\u00f6vetkezetben v\u00e9gzett tev\u00e9kenys\u00e9g ellen\u00e9rt\u00e9kek\u00e9nt megszerzett, a szem\u00e9lyi j\u00f6vedelemad\u00f3r\u00f3l sz\u00f3l\u00f3 t\u00f6rv\u00e9ny alapj\u00e1n ad\u00f3mentes bev\u00e9tel,<\/em><\/li>\n<li><em>az \u00e9letvitelszer\u0171en lakott ingatlan elad\u00e1sa, valamint az \u00e9letvitelszer\u0171en lakott ingatlanon fenn\u00e1ll\u00f3 vagyoni \u00e9rt\u00e9k\u0171 jog \u00e1truh\u00e1z\u00e1sa eset\u00e9n az eladott ingatlan, illetve \u00e1truh\u00e1zott vagyoni \u00e9rt\u00e9k\u0171 jog ellen\u00e9rt\u00e9k\u00e9nek azon r\u00e9sze, amelyb\u0151l az elad\u00e1st vagy \u00e1truh\u00e1z\u00e1st k\u00f6vet\u0151 egy \u00e9ven bel\u00fcl az elad\u00f3 vagy \u00e1truh\u00e1z\u00f3 saj\u00e1t, vagy k\u00f6zeli hozz\u00e1tartoz\u00f3ja \u00e9letvitelszer\u0171, t\u00e9nyleges lakhat\u00e1s\u00e1nak c\u00e9lj\u00e1t szolg\u00e1l\u00f3 ingatlan vagy vagyoni \u00e9rt\u00e9k\u0171 jog v\u00e1s\u00e1rl\u00e1s\u00e1ra ker\u00fcl sor,<\/em><\/li>\n<li><em>az elengedett tartoz\u00e1s, illetve a megsz\u0171nt k\u00f6telezetts\u00e9g, ha a tartoz\u00e1s elenged\u00e9s\u00e9re vagy a k\u00f6telezetts\u00e9g megsz\u0171n\u00e9s\u00e9re a term\u00e9szetes szem\u00e9lyek ad\u00f3ss\u00e1grendez\u00e9si elj\u00e1r\u00e1s\u00e1ban, tov\u00e1bb\u00e1 k\u00f6z\u00fczemi szolg\u00e1ltat\u00e1s szolg\u00e1ltat\u00f3ja, illetve p\u00e9nz\u00fcgyi int\u00e9zm\u00e9ny \u00e1ltal, az ad\u00f3s meg\u00e9lhet\u00e9s\u00e9t vesz\u00e9lyeztet\u0151 szoci\u00e1lis helyzete miatt ker\u00fclt sor.<\/em><em style=\"font-size: inherit;\">\u00a0<\/em><\/li>\n<\/ol>\n<ol start=\"4\">\n<li><strong> Adatkezel\u00e9s<\/strong><strong style=\"font-size: inherit;\">\u00a0<\/strong><\/li>\n<\/ol>\n<p>A p\u00e1ly\u00e1z\u00f3 p\u00e1ly\u00e1zata beny\u00fajt\u00e1s\u00e1val b\u00fcntet\u0151jogi felel\u0151ss\u00e9get v\u00e1llal az\u00e9rt, hogy az EPER-Bursa rendszerben r\u00f6gz\u00edtett, a p\u00e1ly\u00e1zati \u0171rlapon \u00e9s mell\u00e9kleteiben \u00e1ltala felt\u00fcntetett adatok a val\u00f3s\u00e1gnak megfelelnek. Tudom\u00e1sul veszi, hogy amennyiben a p\u00e1ly\u00e1zati \u0171rlapon \u00e9s mell\u00e9kleteiben nem a val\u00f3s\u00e1gnak megfelel\u0151 adatokat t\u00fcntet fel, \u00fagy a Bursa Hungarica \u00d6szt\u00f6nd\u00edjrendszerb\u0151l p\u00e1ly\u00e1zata kiz\u00e1rhat\u00f3, a meg\u00edt\u00e9lt t\u00e1mogat\u00e1s visszavonhat\u00f3.<\/p>\n<p>A p\u00e1ly\u00e1zat beny\u00fajt\u00e1s\u00e1val a p\u00e1ly\u00e1z\u00f3 tudom\u00e1sul veszi, hogy a T\u00e1mogat\u00e1skezel\u0151, az \u00f6nkorm\u00e1nyzatok \u00e9s a fels\u0151oktat\u00e1si int\u00e9zm\u00e9ny a p\u00e1ly\u00e1zati dokument\u00e1ci\u00f3ba foglalt szem\u00e9lyes adatait az \u00f6szt\u00f6nd\u00edjp\u00e1ly\u00e1zat lebonyol\u00edt\u00e1sa \u00e9s a t\u00e1mogat\u00e1sra val\u00f3 jogosults\u00e1g ellen\u0151rz\u00e9se c\u00e9lj\u00e1b\u00f3l az \u00f6szt\u00f6nd\u00edj t\u00e1mogat\u00e1s \u00e9letciklusa alatt kezelheti. Az adatkezel\u00e9sr\u0151l, az adatkezel\u00e9ssel kapcsolatos jogair\u00f3l, az \u00e1ltala ig\u00e9nybe vehet\u0151 jogorvoslati lehet\u0151s\u00e9gekr\u0151l r\u00e9szletes t\u00e1j\u00e9koztat\u00e1s tal\u00e1lhat\u00f3 a T\u00e1mogat\u00e1skezel\u0151 honlapj\u00e1n az Adatv\u00e9delmi t\u00e1j\u00e9koztat\u00f3ban az al\u00e1bbi el\u00e9rhet\u0151s\u00e9gen:<\/p>\n<p><a href=\"http:\/\/www.emet.gov.hu\/_userfiles\/szervezet\/kozlemenyek\/adatkezelesi_tajekoztato_palyazoknak.pdf\">http:\/\/www.emet.gov.hu\/_userfiles\/szervezet\/kozlemenyek\/adatkezelesi_tajekoztato_palyazoknak.pdf<\/a>.<em>\u00a0<\/em><\/p>\n<ol start=\"5\">\n<li><strong> A p\u00e1ly\u00e1zat elb\u00edr\u00e1l\u00e1sa<\/strong><\/li>\n<\/ol>\n<p><strong>\u00a0<\/strong><\/p>\n<p>A be\u00e9rkezett p\u00e1ly\u00e1zatokat az illet\u00e9kes telep\u00fcl\u00e9si \u00f6nkorm\u00e1nyzat b\u00edr\u00e1lja el 2019. december 5-ig:<\/p>\n<p>a) az elb\u00edr\u00e1l\u00f3 \u00f6nkorm\u00e1nyzat a p\u00e1ly\u00e1z\u00f3kat hi\u00e1nyp\u00f3tl\u00e1sra sz\u00f3l\u00edthatja fel a formai ellen\u0151rz\u00e9s \u00e9s az elb\u00edr\u00e1l\u00e1s sor\u00e1n, az \u00f6nkorm\u00e1nyzat \u00e1ltal meghat\u00e1rozott hat\u00e1rid\u0151ben, amely azonban nem l\u00e9pheti t\u00fal a p\u00e1ly\u00e1zatok \u00f6nkorm\u00e1nyzati elb\u00edr\u00e1l\u00e1si hat\u00e1ridej\u00e9t. Az \u00f6nkorm\u00e1nyzat hi\u00e1nyp\u00f3tl\u00e1st csak olyan dokumentumokra k\u00e9rhet be, amelyeket a p\u00e1ly\u00e1zati ki\u00edr\u00e1sban felt\u00fcntetett. A hi\u00e1nyp\u00f3tl\u00e1si hat\u00e1rid\u0151: \u2026.. nap;<\/p>\n<p>b) az \u00f6szt\u00f6nd\u00edj elb\u00edr\u00e1l\u00e1sa kiz\u00e1r\u00f3lag szoci\u00e1lis r\u00e1szorults\u00e1g alapj\u00e1n, a p\u00e1ly\u00e1z\u00f3 tanulm\u00e1nyi eredm\u00e9ny\u00e9t\u0151l f\u00fcggetlen\u00fcl t\u00f6rt\u00e9nik. Az elutas\u00edt\u00e1s indokl\u00e1sak\u00e9nt nem jel\u00f6lhet\u0151k meg olyan okok, amelyeket a formai ellen\u0151rz\u00e9s vizsg\u00e1l \u00e9s azon megfelel\u0151k\u00e9nt lettek megjel\u00f6lve;<\/p>\n<p>c) az EPER-Bursa rendszerben nem r\u00f6gz\u00edtett, nem a rendszerb\u0151l nyomtatott p\u00e1ly\u00e1zati \u0171rlapon, hat\u00e1rid\u0151n t\u00fal beny\u00fajtott, vagy formailag nem megfelel\u0151 p\u00e1ly\u00e1zatokat a b\u00edr\u00e1latb\u00f3l kiz\u00e1rja, \u00e9s kiz\u00e1r\u00e1s\u00e1t \u00edr\u00e1sban indokolja;<\/p>\n<p>d) minden, hat\u00e1rid\u0151n bel\u00fcl, postai \u00faton vagy szem\u00e9lyesen beny\u00fajtott p\u00e1ly\u00e1zatot befogad, minden formailag megfelel\u0151 p\u00e1ly\u00e1zatot \u00e9rdemben elb\u00edr\u00e1l, \u00e9s d\u00f6nt\u00e9s\u00e9t \u00edr\u00e1sban indokolja;<\/p>\n<p>e) csak az \u00f6nkorm\u00e1nyzat ter\u00fclet\u00e9n lak\u00f3hellyel rendelkez\u0151 p\u00e1ly\u00e1z\u00f3kat r\u00e9szes\u00edtheti t\u00e1mogat\u00e1sban;<\/p>\n<p>f) az elb\u00edr\u00e1l\u00e1s sor\u00e1n korra, fajra, nemre, b\u0151rsz\u00ednre, felekezeti vagy vil\u00e1gn\u00e9zeti hovatartoz\u00e1sra, tanulm\u00e1nyi eredm\u00e9nyre tekintet n\u00e9lk\u00fcl, kiz\u00e1r\u00f3lag a p\u00e1ly\u00e1z\u00f3 szoci\u00e1lis r\u00e1szorults\u00e1g\u00e1nak objekt\u00edv vizsg\u00e1lata alapj\u00e1n j\u00e1rhat el.<\/p>\n<p>\u00a0<\/p>\n<p>A p\u00e1ly\u00e1z\u00f3 az elb\u00edr\u00e1l\u00f3 szerv d\u00f6nt\u00e9se ellen fellebbez\u00e9ssel nem \u00e9lhet, a p\u00e1ly\u00e1zati d\u00f6nt\u00e9s ellen \u00e9rdemben nincs helye jogorvoslatnak. <strong>A t\u00e1mogat\u00e1si d\u00f6nt\u00e9ssel szemben kifog\u00e1st elj\u00e1r\u00e1sjogi jogszab\u00e1lys\u00e9rt\u00e9sre t\u00f6rt\u00e9n\u0151 hivatkoz\u00e1ssal, a d\u00f6nt\u00e9sr\u0151l sz\u00f3l\u00f3 \u00e9rtes\u00edt\u00e9s k\u00e9zhezv\u00e9tel\u00e9t k\u00f6vet\u0151 5 napon bel\u00fcl lehet beny\u00fajtani az illet\u00e9kes \u00f6nkorm\u00e1nyzat jegyz\u0151j\u00e9n\u00e9l. <\/strong>A felmer\u00fclt kifog\u00e1ssal kapcsolatban az \u00f6nkorm\u00e1nyzat jegyz\u0151j\u00e9nek halad\u00e9ktalanul \u00e9rtes\u00edtenie kell a T\u00e1mogat\u00e1skezel\u0151t.<\/p>\n<p>A meg\u00edt\u00e9lt \u00f6szt\u00f6nd\u00edjat az \u00f6nkorm\u00e1nyzat visszavonhatja abban az esetben, ha az \u00f6szt\u00f6nd\u00edjas elk\u00f6lt\u00f6zik a telep\u00fcl\u00e9si \u00f6nkorm\u00e1nyzat ter\u00fclet\u00e9r\u0151l. A telep\u00fcl\u00e9si \u00f6nkorm\u00e1nyzat ebben az esetben hat\u00e1rozatban rendelkezik a t\u00e1mogat\u00e1s visszavon\u00e1s\u00e1r\u00f3l. A hat\u00e1rozat csak a meghozatal\u00e1t k\u00f6vet\u0151 tanulm\u00e1nyi f\u00e9l\u00e9vt\u0151l hat\u00f3 hat\u00e1llyal hozhat\u00f3 meg.<\/p>\n<ol start=\"6\">\n<li><strong> \u00c9rtes\u00edt\u00e9s a p\u00e1ly\u00e1zati d\u00f6nt\u00e9sr\u0151l<\/strong><strong style=\"font-size: inherit;\">\u00a0<\/strong><\/li>\n<\/ol>\n<p>A telep\u00fcl\u00e9si \u00f6nkorm\u00e1nyzat a meghozott d\u00f6nt\u00e9s\u00e9r\u0151l \u00e9s annak indok\u00e1r\u00f3l 2019. december 9-ig az EPER-Bursa rendszeren kereszt\u00fcl elektronikusan vagy postai \u00faton k\u00fcld\u00f6tt lev\u00e9lben \u00e9rtes\u00edti a p\u00e1ly\u00e1z\u00f3kat.<\/p>\n<p>A T\u00e1mogat\u00e1skezel\u0151 az \u00f6nkorm\u00e1nyzati d\u00f6nt\u00e9si list\u00e1k \u00e9rkeztet\u00e9s\u00e9t k\u00f6vet\u0151en 2020. janu\u00e1r 17-ig \u00e9rtes\u00edti a telep\u00fcl\u00e9si \u00f6nkorm\u00e1nyzatok \u00e1ltal nem t\u00e1mogatott p\u00e1ly\u00e1z\u00f3kat az \u00f6nkorm\u00e1nyzati d\u00f6nt\u00e9sr\u0151l az EPER-Bursa rendszeren kereszt\u00fcl.<\/p>\n<p>A T\u00e1mogat\u00e1skezel\u0151 az elb\u00edr\u00e1l\u00e1s ellen\u0151rz\u00e9s\u00e9t \u00e9s az int\u00e9zm\u00e9nyi \u00f6szt\u00f6nd\u00edjr\u00e9szek meg\u00e1llap\u00edt\u00e1s\u00e1t k\u00f6vet\u0151en 2020. m\u00e1rcius 9-ig az EPER-Bursa rendszeren kereszt\u00fcl \u00e9rtes\u00edti a telep\u00fcl\u00e9si \u00f6nkorm\u00e1nyzat \u00e1ltal t\u00e1mogat\u00e1sban r\u00e9szes\u00edtett p\u00e1ly\u00e1z\u00f3kat a Bursa Hungarica \u00f6szt\u00f6nd\u00edj teljes \u00f6sszeg\u00e9r\u0151l \u00e9s az \u00f6szt\u00f6nd\u00edj-foly\u00f3s\u00edt\u00e1s m\u00f3dj\u00e1r\u00f3l.<\/p>\n<ol start=\"7\">\n<li><strong> Az \u00f6szt\u00f6nd\u00edj foly\u00f3s\u00edt\u00e1s\u00e1nak felt\u00e9telei<\/strong><strong style=\"font-size: inherit;\">\u00a0<\/strong><\/li>\n<\/ol>\n<p>A fels\u0151oktat\u00e1si int\u00e9zm\u00e9nyeknek az \u00f6szt\u00f6nd\u00edj kifizet\u00e9st megel\u0151z\u0151en az \u00f6szt\u00f6nd\u00edjra val\u00f3 jogosults\u00e1got a nemzeti fels\u0151oktat\u00e1sr\u00f3l sz\u00f3l\u00f3 2011. \u00e9vi CCIV. t\u00f6rv\u00e9ny 85\/E. \u00a7 (3) bekezd\u00e9s\u00e9ben \u00e9s a 112. \u00a7 (9)-(10) bekezd\u00e9s\u00e9ben foglaltak figyelembev\u00e9tel\u00e9vel kell meg\u00e1llap\u00edtania.<\/p>\n<p>Az \u00f6szt\u00f6nd\u00edj csak azokban a h\u00f3napokban ker\u00fcl foly\u00f3s\u00edt\u00e1sra, amelyekben a p\u00e1ly\u00e1z\u00f3 beiratkozott, akt\u00edv hallgat\u00f3ja a fels\u0151oktat\u00e1si int\u00e9zm\u00e9nynek.<\/p>\n<p>Az \u00f6szt\u00f6nd\u00edj-foly\u00f3s\u00edt\u00e1s felt\u00e9tele, hogy a t\u00e1mogatott p\u00e1ly\u00e1z\u00f3 hallgat\u00f3i jogviszonya a 2019\/2020. tan\u00e9v m\u00e1sodik f\u00e9l\u00e9v\u00e9ben megfeleljen a p\u00e1ly\u00e1zati ki\u00edr\u00e1snak. Amennyiben a t\u00e1mogatott p\u00e1ly\u00e1z\u00f3 hallgat\u00f3i jogviszonya nem felel meg a p\u00e1ly\u00e1zati ki\u00edr\u00e1snak, a t\u00e1mogatott az \u00f6szt\u00f6nd\u00edjra val\u00f3 jogosults\u00e1g\u00e1t az adott f\u00e9l\u00e9vben elvesz\u00edti. Azokban a h\u00f3napokban, amelyekben a hallgat\u00f3 hallgat\u00f3i jogviszonya sz\u00fcnetel, vagy nem felel meg a p\u00e1ly\u00e1zati ki\u00edr\u00e1s felt\u00e9teleinek, az \u00f6szt\u00f6nd\u00edj foly\u00f3s\u00edt\u00e1sa a foly\u00f3s\u00edt\u00e1s v\u00e9ghat\u00e1ridej\u00e9nek m\u00f3dosul\u00e1sa n\u00e9lk\u00fcl, teljes eg\u00e9sz\u00e9ben sz\u00fcnetel.<\/p>\n<ol start=\"8\">\n<li><strong> Az \u00f6szt\u00f6nd\u00edj foly\u00f3s\u00edt\u00e1sa<\/strong><strong style=\"font-size: inherit;\">\u00a0<\/strong><\/li>\n<\/ol>\n<p>Az \u00f6szt\u00f6nd\u00edj id\u0151tartama 10 h\u00f3nap, azaz k\u00e9t egym\u00e1st k\u00f6vet\u0151 tanulm\u00e1nyi f\u00e9l\u00e9v:<\/p>\n<p style=\"text-align: center;\">a 2019\/2020. tan\u00e9v m\u00e1sodik (tavaszi), illetve a 2020\/2021. tan\u00e9v els\u0151 (\u0151szi) f\u00e9l\u00e9ve.<\/p>\n<p>Az \u00f6nkorm\u00e1nyzatok egy tanulm\u00e1nyi f\u00e9l\u00e9vre egy \u00f6sszegben utalj\u00e1k \u00e1t a T\u00e1mogat\u00e1skezel\u0151 Bursa Hungarica sz\u00e1ml\u00e1j\u00e1ra a t\u00e1mogatott hallgat\u00f3k \u00f6thavi \u00f6nkorm\u00e1nyzati t\u00e1mogat\u00e1si \u00f6sszeg\u00e9t. A T\u00e1mogat\u00e1skezel\u0151 a be\u00e9rkezett \u00f6nkorm\u00e1nyzati \u00f6szt\u00f6nd\u00edjr\u00e9szeket a kifizet\u0151helyek (fels\u0151oktat\u00e1si int\u00e9zm\u00e9nyek) szerint \u00fajracsoportos\u00edtja, majd a jogosult hallgat\u00f3k ut\u00e1n tov\u00e1bbutalja a kifizet\u0151 fels\u0151oktat\u00e1si int\u00e9zm\u00e9nyekhez abban az esetben, ha a fels\u0151oktat\u00e1si int\u00e9zm\u00e9ny a hallgat\u00f3k jogosults\u00e1g\u00e1t visszaigazolta, \u00e9s az \u00f6nkorm\u00e1nyzat utal\u00e1si k\u00f6telezetts\u00e9g\u00e9t teljes\u00edtve a pontos t\u00e1mogat\u00e1si \u00f6sszeget tov\u00e1bb\u00edtotta a T\u00e1mogat\u00e1skezel\u0151 sz\u00e1ml\u00e1j\u00e1ra.<\/p>\n<p>Az int\u00e9zm\u00e9nyi \u00f6szt\u00f6nd\u00edjr\u00e9sz forr\u00e1sa az 51\/2007. (III. 26.) Korm. rendelet 18. \u00a7 (3) bekezd\u00e9se \u00e9rtelm\u00e9ben az int\u00e9zm\u00e9nyek k\u00f6lts\u00e9gvet\u00e9s\u00e9ben megjel\u00f6lt elk\u00fcl\u00f6n\u00edtett forr\u00e1s.<\/p>\n<p>Az \u00f6szt\u00f6nd\u00edjat (mind az \u00f6nkorm\u00e1nyzati, mind az int\u00e9zm\u00e9nyi \u00f6szt\u00f6nd\u00edjr\u00e9szt) az a fels\u0151oktat\u00e1si int\u00e9zm\u00e9ny foly\u00f3s\u00edtja a hallgat\u00f3nak, amelyt\u0151l a hallgat\u00f3 \u2013 az \u00e1llami k\u00f6lts\u00e9gvet\u00e9s terh\u00e9re \u2013 a hallgat\u00f3i juttat\u00e1sokat kapja. Amennyiben a hallgat\u00f3 egy id\u0151ben t\u00f6bb fels\u0151oktat\u00e1si int\u00e9zm\u00e9nnyel is hallgat\u00f3i jogviszonyban \u00e1ll, az a fels\u0151oktat\u00e1si int\u00e9zm\u00e9ny foly\u00f3s\u00edtja sz\u00e1m\u00e1ra az \u00f6szt\u00f6nd\u00edjat, amellyel els\u0151k\u00e9nt l\u00e9tes\u00edtett hallgat\u00f3i jogviszonyt. A fels\u0151oktat\u00e1si int\u00e9zm\u00e9nyek szerz\u0151d\u00e9se alapj\u00e1n foly\u00f3, k\u00f6z\u00f6sen meghirdetett \u2013 egyik szakon nem hit\u00e9leti, a m\u00e1sik szakon hitoktat\u00f3, illetve hittan\u00e1r \u2013 k\u00e9tszakos k\u00e9pz\u00e9s eset\u00e9ben a hallgat\u00f3 sz\u00e1m\u00e1ra az \u00e1llami fels\u0151oktat\u00e1si int\u00e9zm\u00e9ny foly\u00f3s\u00edtja az \u00f6szt\u00f6nd\u00edjat. A kifizet\u00e9s el\u0151tt a jogosults\u00e1got, valamint a hallgat\u00f3i jogviszony fenn\u00e1ll\u00e1s\u00e1t az int\u00e9zm\u00e9ny megvizsg\u00e1lja.<\/p>\n<p>Az \u00f6szt\u00f6nd\u00edj foly\u00f3s\u00edt\u00e1s\u00e1nak kezdete legkor\u00e1bban 2020 m\u00e1rciusa.<\/p>\n<p>Az \u00f6nkorm\u00e1nyzati \u00f6szt\u00f6nd\u00edjr\u00e9sz kifizet\u00e9se a tavaszi f\u00e9l\u00e9vben m\u00e1rcius, az \u0151szi f\u00e9l\u00e9vben okt\u00f3ber h\u00f3napt\u00f3l, de legk\u00e9s\u0151bb a fels\u0151oktat\u00e1si int\u00e9zm\u00e9nyhez t\u00f6rt\u00e9n\u0151 \u00e1tutal\u00e1st k\u00f6vet\u0151 els\u0151 \u00f6szt\u00f6nd\u00edj-kifizet\u00e9skor indul, majd a tov\u00e1bbiakban az \u00f6szt\u00f6nd\u00edjfizet\u00e9s rendje szerint t\u00f6rt\u00e9nik.<\/p>\n<p>Az int\u00e9zm\u00e9nyi \u00f6szt\u00f6nd\u00edjr\u00e9sz foly\u00f3s\u00edt\u00e1sa m\u00e1rcius, illetve okt\u00f3ber h\u00f3napban kezd\u0151dik, azt a hallgat\u00f3i juttat\u00e1sokkal azonos rendben kell kifizetni. Az int\u00e9zm\u00e9nyi \u00f6szt\u00f6nd\u00edjr\u00e9szt abban az esetben is ki kell fizetni, ha az \u00f6nkorm\u00e1nyzati \u00f6szt\u00f6nd\u00edjr\u00e9sz fedezete nem \u00e1ll rendelkez\u00e9sre az int\u00e9zm\u00e9ny sz\u00e1ml\u00e1j\u00e1n. Az int\u00e9zm\u00e9nyi \u00f6szt\u00f6nd\u00edjr\u00e9sz f\u00fcggetlen minden m\u00e1s, a fels\u0151oktat\u00e1si int\u00e9zm\u00e9nyben foly\u00f3s\u00edtott t\u00e1mogat\u00e1st\u00f3l.<\/p>\n<p>Az elnyert \u00f6szt\u00f6nd\u00edjat k\u00f6zvetlen ad\u00f3- \u00e9s TB-j\u00e1rul\u00e9kfizet\u00e9si k\u00f6telezetts\u00e9g nem terheli (l\u00e1sd a szem\u00e9lyi j\u00f6vedelemad\u00f3r\u00f3l sz\u00f3l\u00f3 1995. \u00e9vi CXVII. t\u00f6rv\u00e9ny 1. sz. mell\u00e9klet 3.2.6. \u00e9s 4.17. pontj\u00e1t).<\/p>\n<p>Az \u00f6szt\u00f6nd\u00edjas a tanulm\u00e1nyi f\u00e9l\u00e9v lez\u00e1r\u00e1s\u00e1t k\u00f6vet\u0151en (j\u00fanius 30., janu\u00e1r 31.) a jogosults\u00e1gi bejegyz\u00e9ssel kapcsolatos kifog\u00e1st nem tehet, illetve a ki nem fizetett \u00f6szt\u00f6nd\u00edj\u00e1ra m\u00e1r nem tarthat ig\u00e9nyt.<\/p>\n<ol start=\"9\">\n<li><strong> A p\u00e1ly\u00e1z\u00f3k \u00e9rtes\u00edt\u00e9si k\u00f6telezetts\u00e9gei<\/strong><\/li>\n<\/ol>\n<p>Az \u00f6szt\u00f6nd\u00edjban r\u00e9szes\u00fcl\u0151 hallgat\u00f3 k\u00f6teles az \u00f6szt\u00f6nd\u00edj foly\u00f3s\u00edt\u00e1s\u00e1nak id\u0151szaka alatt minden, az \u00f6szt\u00f6nd\u00edj foly\u00f3s\u00edt\u00e1s\u00e1t \u00e9rint\u0151 v\u00e1ltoz\u00e1sr\u00f3l halad\u00e9ktalanul (de legk\u00e9s\u0151bb 15 napon bel\u00fcl) <u>\u00edr\u00e1sban<\/u> \u00e9rtes\u00edteni a foly\u00f3s\u00edt\u00f3 fels\u0151oktat\u00e1si int\u00e9zm\u00e9nyt \u00e9s a T\u00e1mogat\u00e1skezel\u0151t (levelez\u00e9si c\u00edm: Bursa Hungarica 1381 Budapest, Pf. 1418). A bejelent\u00e9st az EPER-Bursa rendszeren kereszt\u00fcl kell kezdem\u00e9nyeznie. Az \u00e9rtes\u00edt\u00e9si k\u00f6telezetts\u00e9get a hallgat\u00f3 5 munkanapon bel\u00fcl k\u00f6teles teljes\u00edteni az al\u00e1bbi adatok v\u00e1ltoz\u00e1sakor:<\/p>\n<ul>\n<li><strong>tanulm\u00e1nyok halaszt\u00e1sa; <\/strong><\/li>\n<li><strong>tanulm\u00e1nyok hely\u00e9nek megv\u00e1ltoz\u00e1sa (az \u00faj fels\u0151oktat\u00e1si int\u00e9zm\u00e9ny, kar, szak megnevez\u00e9s\u00e9vel);<\/strong><\/li>\n<li><strong>tanulm\u00e1nyi st\u00e1tusz (munkarend, k\u00e9pz\u00e9si forma, finansz\u00edroz\u00e1si forma) v\u00e1ltoz\u00e1sa;<\/strong><\/li>\n<li><strong>szem\u00e9lyes adatainak (n\u00e9v, lak\u00f3hely, elektronikus levelez\u00e9si c\u00edm) v\u00e1ltoz\u00e1sa.<\/strong><\/li>\n<\/ul>\n<p>Az az \u00f6szt\u00f6nd\u00edjas, aki \u00e9rtes\u00edt\u00e9si k\u00f6telezetts\u00e9g\u00e9nek elmulaszt\u00e1sa miatt esik el az \u00f6szt\u00f6nd\u00edj foly\u00f3s\u00edt\u00e1s\u00e1t\u00f3l, a tanulm\u00e1nyi f\u00e9l\u00e9v lez\u00e1r\u00e1s\u00e1t k\u00f6vet\u0151en, legk\u00e9s\u0151bb j\u00fanius 30-ig, illetve janu\u00e1r 31-ig ki nem fizetett \u00f6szt\u00f6nd\u00edj\u00e1ra m\u00e1r nem tarthat ig\u00e9nyt.<\/p>\n<p>Az \u00f6szt\u00f6nd\u00edjas 30 napon bel\u00fcl k\u00f6teles a jogosulatlanul felvett \u00f6szt\u00f6nd\u00edjat a foly\u00f3s\u00edt\u00f3 fels\u0151oktat\u00e1si int\u00e9zm\u00e9ny r\u00e9sz\u00e9re visszafizetni.<\/p>\n<p>Az \u00f6szt\u00f6nd\u00edjas lemondhat a sz\u00e1m\u00e1ra meg\u00edt\u00e9lt t\u00e1mogat\u00e1sr\u00f3l, amit az EPER-Bursa rendszerben kezdem\u00e9nyezhet \u00e9s az onnan let\u00f6lthet\u0151 Lemond\u00f3 nyilatkozatot al\u00e1\u00edrva, postai \u00faton, aj\u00e1nlott lev\u00e9lk\u00e9nt megk\u00fcldve a T\u00e1mogat\u00e1skezel\u0151 c\u00edm\u00e9re jelenthet be. A Lemond\u00f3 nyilatkozat bek\u00fcld\u00e9s\u00e9vel az \u00f6szt\u00f6nd\u00edjas a nyertes \u00f6szt\u00f6nd\u00edjp\u00e1ly\u00e1zat\u00e1t megsz\u00fcnteti, azaz a megjel\u00f6lt f\u00e9l\u00e9vr\u0151l \u00e9s az \u00f6szt\u00f6nd\u00edj tov\u00e1bbi f\u00e9l\u00e9vi r\u00e9szleteir\u0151l is lemond.<\/p>\n<p>Amennyiben meg\u00e1llap\u00edt\u00e1st nyer, hogy a p\u00e1ly\u00e1z\u00f3 a p\u00e1ly\u00e1zatban nem a val\u00f3s\u00e1gnak megfelel\u0151 adatokat szolg\u00e1ltatta vagy a p\u00e1ly\u00e1zati felt\u00e9teleknek egy\u00e9bk\u00e9nt nem felel meg, t\u00e1mogat\u00e1sban nem r\u00e9szes\u00fclhet m\u00e9g abban az esetben sem, ha az \u00f6szt\u00f6nd\u00edj elnyer\u00e9s\u00e9r\u0151l sz\u00f3l\u00f3 t\u00e1j\u00e9koztat\u00e1st m\u00e1r k\u00e9zhez vette.<strong>\u00a0<\/strong><\/p>\n<ol start=\"10\">\n<li><strong> Lebonyol\u00edt\u00e1s<\/strong><strong style=\"font-size: inherit;\">\u00a0<\/strong><\/li>\n<\/ol>\n<p>Az \u00f6szt\u00f6nd\u00edjp\u00e1ly\u00e1zattal kapcsolatos k\u00f6zponti adatb\u00e1zis-kezel\u0151i, koordin\u00e1ci\u00f3s, a telep\u00fcl\u00e9si \u00e9s a megyei \u00f6nkorm\u00e1nyzati \u00f6szt\u00f6nd\u00edjjal kapcsolatos p\u00e9nzkezel\u00e9si feladatokat a T\u00e1mogat\u00e1skezel\u0151 l\u00e1tja el.<\/p>\n<p>A T\u00e1mogat\u00e1skezel\u0151 el\u00e9rhet\u0151s\u00e9gei:<\/p>\n<p style=\"text-align: center;\"><strong>Emberi Er\u0151forr\u00e1s T\u00e1mogat\u00e1skezel\u0151<\/strong><\/p>\n<p style=\"text-align: center;\"><strong>Bursa Hungarica \u00dcgyf\u00e9lszolg\u00e1lat<\/strong><\/p>\n<p style=\"text-align: center;\">1381 Budapest, Pf.: 1418<\/p>\n<p style=\"text-align: center;\">Tel.: (06-1) 550-2700<\/p>\n<p style=\"text-align: center;\">E-mail: <a href=\"mailto:bursa@emet.gov.hu\">bursa@emet.gov.hu<\/a><\/p>\n<p style=\"text-align: center;\">Internet: <a href=\"http:\/\/www.emet.gov.hu\">www.emet.gov.hu<\/a> (Bursa Hungarica)<\/p>\n","protected":false},"excerpt":{"rendered":"","protected":false},"author":1,"featured_media":0,"comment_status":"closed","ping_status":"closed","sticky":false,"template":"","format":"standard","meta":{"footnotes":""},"categories":[1],"tags":[],"class_list":["post-1370","post","type-post","status-publish","format-standard","hentry","category-egyeb","item-wrap"],"_links":{"self":[{"href":"https:\/\/www.gemzse.hu\/index.php?rest_route=\/wp\/v2\/posts\/1370","targetHints":{"allow":["GET"]}}],"collection":[{"href":"https:\/\/www.gemzse.hu\/index.php?rest_route=\/wp\/v2\/posts"}],"about":[{"href":"https:\/\/www.gemzse.hu\/index.php?rest_route=\/wp\/v2\/types\/post"}],"author":[{"embeddable":true,"href":"https:\/\/www.gemzse.hu\/index.php?rest_route=\/wp\/v2\/users\/1"}],"replies":[{"embeddable":true,"href":"https:\/\/www.gemzse.hu\/index.php?rest_route=%2Fwp%2Fv2%2Fcomments&post=1370"}],"version-history":[{"count":3,"href":"https:\/\/www.gemzse.hu\/index.php?rest_route=\/wp\/v2\/posts\/1370\/revisions"}],"predecessor-version":[{"id":1373,"href":"https:\/\/www.gemzse.hu\/index.php?rest_route=\/wp\/v2\/posts\/1370\/revisions\/1373"}],"wp:attachment":[{"href":"https:\/\/www.gemzse.hu\/index.php?rest_route=%2Fwp%2Fv2%2Fmedia&parent=1370"}],"wp:term":[{"taxonomy":"category","embeddable":true,"href":"https:\/\/www.gemzse.hu\/index.php?rest_route=%2Fwp%2Fv2%2Fcategories&post=1370"},{"taxonomy":"post_tag","embeddable":true,"href":"https:\/\/www.gemzse.hu\/index.php?rest_route=%2Fwp%2Fv2%2Ftags&post=1370"}],"curies":[{"name":"wp","href":"https:\/\/api.w.org\/{rel}","templated":true}]}}