{"id":1858,"date":"2021-07-28T21:17:00","date_gmt":"2021-07-28T19:17:00","guid":{"rendered":"http:\/\/www.gemzse.hu\/?p=1858"},"modified":"2021-08-02T21:27:22","modified_gmt":"2021-08-02T19:27:22","slug":"magyar-falu-program-onkormanyzati-tulajdonu-utak-felujitasa","status":"publish","type":"post","link":"https:\/\/www.gemzse.hu\/?p=1858","title":{"rendered":"Magyar Falu Program &#8211; \u00d6nkorm\u00e1nyzati tulajdon\u00fa utak fel\u00faj\u00edt\u00e1sa"},"content":{"rendered":"\n<ul>\n<li><strong>T\u00e1mogat\u00f3i okirat iratazonos\u00edt\u00f3:\u00a0\u00a0 <\/strong>3031746079<\/li>\n<li><strong>T\u00e1mogat\u00e1si \u00f6sszeg:\u00a0\u00a0\u00a0\u00a0\u00a0\u00a0\u00a0\u00a0\u00a0\u00a0\u00a0\u00a0\u00a0\u00a0\u00a0\u00a0\u00a0\u00a0\u00a0\u00a0\u00a0\u00a0\u00a0 <\/strong>29\u00a0999 995 Ft<\/li>\n<li><strong>T\u00e1mogat\u00e1si intenzit\u00e1s:\u00a0\u00a0\u00a0\u00a0\u00a0\u00a0\u00a0\u00a0\u00a0\u00a0\u00a0\u00a0\u00a0\u00a0\u00a0\u00a0\u00a0\u00a0 <\/strong>100%<\/li>\n<li><strong>Projekt fizikai z\u00e1r\u00e1sa: \u00a0\u00a0\u00a0\u00a0\u00a0\u00a0\u00a0\u00a0\u00a0\u00a0\u00a0\u00a0\u00a0\u00a0\u00a0\u00a0\u00a0 <\/strong>2021.\u00e1prilis 01.<\/li>\n<\/ul>\n<p>Gemzse K\u00f6zs\u00e9g \u00d6nkorm\u00e1nyzata a Magyar Falu Program \u00d6nkorm\u00e1nyzati tulajdon\u00fa utak fel\u00faj\u00edt\u00e1sa megnevez\u00e9s\u0171 alprogram keret\u00e9ben nyert 29\u00a0999 995 Ft t\u00e1mogat\u00e1st, melynek seg\u00edts\u00e9g\u00e9vel az \u00d6nkorm\u00e1nyzat tulajdon\u00e1ban l\u00e9v\u0151 \u00fatfel\u00faj\u00edt\u00e1s t\u00f6rt\u00e9nt meg az Ady Endre utca 428. helyrajzi sz\u00e1m\u00fa \u00fatszakasz\u00e1n, illetve a T\u00e1ncsics Mih\u00e1ly utca 460. helyrajzi sz\u00e1m\u00fa \u00fatszakasz\u00e1n.<\/p>\n<p>Ezen t\u00e1mogat\u00e1si k\u00e9relem beny\u00fajt\u00e1sakor c\u00e9lunk volt hozz\u00e1j\u00e1rulni az infrastruktur\u00e1lis fejleszt\u00e9sekhez, jelen esetben az utak fel\u00faj\u00edt\u00e1s\u00e1n, fejleszt\u00e9s\u00e9n volt a hangs\u00faly. Ez\u00e1ltal, mint kistelep\u00fcl\u00e9s a h\u00e1tr\u00e1nyaink m\u00e9rs\u00e9kl\u00e9s\u00e9t, az \u00e9letmin\u0151s\u00e9g, a munk\u00e1ba jut\u00e1s jav\u00edt\u00e1s\u00e1t, illetve a k\u00f6zleked\u00e9si infrastrukt\u00far\u00e1nk fejleszt\u00e9s\u00e9vel az alapvet\u0151 szolg\u00e1ltat\u00e1sok hozz\u00e1f\u00e9rhet\u0151s\u00e9g\u00e9nek javul\u00e1s\u00e1t szerett\u00fck volna el\u00e9rni. A fejleszt\u00e9sek \u00e1ltal szerett\u00fck volna el\u00e9rni, hogy a telep\u00fcl\u00e9s\u00fcnk vonz\u00f3bb\u00e1 v\u00e1ljon, valamint kistelep\u00fcl\u00e9sk\u00e9nt is egy \u00e9lhet\u0151, fejlett k\u00f6zs\u00e9get biztos\u00edtsunk lakosaink sz\u00e1m\u00e1ra. Kiemelten fontos volt, hogy ezzel biztos\u00edtani tudjuk sz\u00e1mukra a j\u00e1rhat\u00f3 \u00fatvonalat.<\/p>\n<p>Az \u00fatfel\u00faj\u00edt\u00e1s sor\u00e1n figyelembe vett\u00fcnk minden ide vonatkoz\u00f3 t\u00f6rv\u00e9nyi el\u0151\u00edr\u00e1st \u00e9s a k\u00f6rnyezeti el\u0151\u00edr\u00e1sokat, valamint min\u00e9l kevesebb z\u00f6ld ter\u00fcletet \u00e9rint\u0151 fel\u00faj\u00edt\u00e1sba kezdt\u00fcnk.<\/p>\n<p>Az Ady Endre utc\u00e1n \u00e9s a T\u00e1ncsics Mih\u00e1ly utc\u00e1n is 245 m\u00e9ter hossz\u00fas\u00e1gban \u00e9s 3,5 m\u00e9ter sz\u00e9less\u00e9gben k\u00e1ty\u00faz\u00e1s, kiegyenl\u00edt\u00e9s \u00e9s az aszfalt kop\u00f3r\u00e9teg (AC-11) elk\u00e9sz\u00edt\u00e9se t\u00f6rt\u00e9nt meg. A fel\u00faj\u00edt\u00e1si munk\u00e1latok sor\u00e1n min\u0151s\u00e9gi anyagok ker\u00fcltek felhaszn\u00e1l\u00e1sra, \u00edgy biztos\u00edtva a tart\u00f3s \u00e9s j\u00f3l kihaszn\u00e1lhat\u00f3 utat.<\/p>\n<p>A lakoss\u00e1g t\u00e1j\u00e9koztat\u00e1sa els\u0151sorban a k\u00e9t helyre szab\u00e1lyszer\u0171en kihelyezett falut\u00e1bla seg\u00edtette. \u00cdgy a K\u00f6zs\u00e9g\u00fcnkbe \u00e9rkez\u0151k \u00e9rtes\u00fclhettek arr\u00f3l, hogy a Magyar Falu Program keret\u00e9ben fejleszt\u00e9sek t\u00f6rt\u00e9nnek telep\u00fcl\u00e9s\u00fcnk\u00f6n. M\u00e1sr\u00e9szt a t\u00e1mogat\u00f3i t\u00e1bla kihelyez\u00e9se ut\u00e1n az arra j\u00e1r\u00f3k tudom\u00e1st szerezhettek a t\u00e1mogat\u00e1s \u00f6sszeg\u00e9r\u0151l \u00e9s t\u00edpus\u00e1r\u00f3l. Gemzse K\u00f6zs\u00e9g honlapj\u00e1n elhelyez\u00e9sre ker\u00fclt a Magyar Falu Program embl\u00e9m\u00e1ja is, illetve \u00f6sszefoglal\u00f3 a projektr\u0151l. \u00cdgy a megval\u00f3s\u00edt\u00e1s megfelel az Arculati k\u00e9zik\u00f6nyv szab\u00e1lyainak.<\/p>\n<p>A p\u00e1ly\u00e1zat beny\u00fajt\u00e1sakor tervezett c\u00e9ljainkat teljes m\u00e9rt\u00e9kben el\u00e9rt\u00fck, vagyis a fejleszt\u00e9snek k\u00f6sz\u00f6nhet\u0151en a telep\u00fcl\u00e9sen \u00e9l\u0151knek biztos\u00edtani tudjuk a k\u00f6zleked\u00e9s\u00fck biztons\u00e1g\u00e1t j\u00e1rhat\u00f3 \u00e9s fel\u00faj\u00edtott utakkal. A fejleszt\u00e9sekkel a c\u00e9lunk, hogy a n\u00e9pess\u00e9gsz\u00e1munk ne cs\u00f6kkenjen, valamint kistelep\u00fcl\u00e9sk\u00e9nt is egy \u00e9lhet\u0151, fejlett k\u00f6zs\u00e9gben \u00e9ljenek lakosaink. A p\u00e1ly\u00e1zatnak k\u00f6sz\u00f6nhet\u0151en a k\u00f6zs\u00e9g lakoss\u00e1ga r\u00e9sz\u00e9re biztos\u00edtani tudjuk a rendezett \u00e9s sz\u00e9p k\u00f6rnyezetet \u00e9s \u00e9rezhet\u0151en n\u0151 a biztons\u00e1g\u00e9rzet is.<\/p>\n","protected":false},"excerpt":{"rendered":"","protected":false},"author":1,"featured_media":0,"comment_status":"closed","ping_status":"closed","sticky":false,"template":"","format":"standard","meta":{"footnotes":""},"categories":[1],"tags":[],"class_list":["post-1858","post","type-post","status-publish","format-standard","hentry","category-egyeb","item-wrap"],"_links":{"self":[{"href":"https:\/\/www.gemzse.hu\/index.php?rest_route=\/wp\/v2\/posts\/1858","targetHints":{"allow":["GET"]}}],"collection":[{"href":"https:\/\/www.gemzse.hu\/index.php?rest_route=\/wp\/v2\/posts"}],"about":[{"href":"https:\/\/www.gemzse.hu\/index.php?rest_route=\/wp\/v2\/types\/post"}],"author":[{"embeddable":true,"href":"https:\/\/www.gemzse.hu\/index.php?rest_route=\/wp\/v2\/users\/1"}],"replies":[{"embeddable":true,"href":"https:\/\/www.gemzse.hu\/index.php?rest_route=%2Fwp%2Fv2%2Fcomments&post=1858"}],"version-history":[{"count":3,"href":"https:\/\/www.gemzse.hu\/index.php?rest_route=\/wp\/v2\/posts\/1858\/revisions"}],"predecessor-version":[{"id":1871,"href":"https:\/\/www.gemzse.hu\/index.php?rest_route=\/wp\/v2\/posts\/1858\/revisions\/1871"}],"wp:attachment":[{"href":"https:\/\/www.gemzse.hu\/index.php?rest_route=%2Fwp%2Fv2%2Fmedia&parent=1858"}],"wp:term":[{"taxonomy":"category","embeddable":true,"href":"https:\/\/www.gemzse.hu\/index.php?rest_route=%2Fwp%2Fv2%2Fcategories&post=1858"},{"taxonomy":"post_tag","embeddable":true,"href":"https:\/\/www.gemzse.hu\/index.php?rest_route=%2Fwp%2Fv2%2Ftags&post=1858"}],"curies":[{"name":"wp","href":"https:\/\/api.w.org\/{rel}","templated":true}]}}