{"id":365,"date":"2015-03-12T22:18:34","date_gmt":"2015-03-12T21:18:34","guid":{"rendered":"http:\/\/www.gemzse.hu\/?p=365"},"modified":"2015-03-12T22:18:34","modified_gmt":"2015-03-12T21:18:34","slug":"felhivas","status":"publish","type":"post","link":"https:\/\/www.gemzse.hu\/?p=365","title":{"rendered":"FELH\u00cdV\u00c1S"},"content":{"rendered":"<p><strong>Felh\u00edvom Gemzse K\u00f6zs\u00e9g Lakoss\u00e1ga figyelm\u00e9t, hogy <\/strong>2015. m\u00e1rcius 05-\u00e9n \u00faj jogszab\u00e1ly l\u00e9pett \u00e9letbe a szabadt\u00e9ri t\u0171zgy\u00fajt\u00e1si szab\u00e1lyok vonatkoz\u00e1s\u00e1ban:<\/p>\n<p>&nbsp;<\/p>\n<p><strong><span style=\"text-decoration: underline;\">Az Orsz\u00e1gos T\u0171zv\u00e9delmi Szab\u00e1lyzatr\u00f3l sz\u00f3l\u00f3 54\/2014. (XII. 5.) BM rendelet<\/span><\/strong><span style=\"text-decoration: underline;\"> <strong>(a tov\u00e1bbiakban: OTSZ).<\/strong><\/span><\/p>\n<p>&nbsp;<\/p>\n<p>Az \u00faj OTSZ-ben t\u00f6bb olyan haszn\u00e1lati el\u0151\u00edr\u00e1s szerepel, mely a kor\u00e1bbi rendeletben nem volt kell\u0151en szab\u00e1lyozva. Ilyen p\u00e9ld\u00e1ul a rendelet szabadt\u00e9ri t\u0171zgy\u00fajt\u00e1sra vonatkoz\u00f3 r\u00e9sze. Ezen el\u0151\u00edr\u00e1sok pontos ismerete sz\u00fcks\u00e9ges a gazd\u00e1lkod\u00f3 tev\u00e9kenys\u00e9get v\u00e9gz\u0151k\u00f6n k\u00edv\u00fcl a lakoss\u00e1g k\u00f6r\u00e9ben is, mivel az el\u0151\u00edr\u00e1sok megs\u00e9rt\u00e9se eset\u00e9n a hat\u00f3s\u00e1gnak t\u0171zv\u00e9delmi b\u00edrs\u00e1g kiszab\u00e1s\u00e1t kell kezdem\u00e9nyeznie az elk\u00f6vet\u0151k ellen.<\/p>\n<p>&nbsp;<\/p>\n<p>Az 54\/2014. (XII. 5.) BM rendelet szerint <strong><span style=\"text-decoration: underline;\">l\u00e1bon \u00e1ll\u00f3 n\u00f6v\u00e9nyzet, tarl\u00f3, n\u00f6v\u00e9nytermeszt\u00e9ssel \u00f6sszef\u00fcgg\u00e9sben a BELTER\u00dcLETI ingatlanok haszn\u00e1lata sor\u00e1n keletkezett n\u00f6v\u00e9nyi hullad\u00e9k szabadt\u00e9ri \u00c9GET\u00c9SE TILOS.<\/span><\/strong><\/p>\n<p>&nbsp;<\/p>\n<p><strong><span style=\"text-decoration: underline;\">K\u00dcLTER\u00dcLETEN <\/span><\/strong><strong>kiz\u00e1r\u00f3lag az ingatlan tulajdonosa, haszn\u00e1l\u00f3ja\u00a0 <span style=\"text-decoration: underline;\">a t\u0171zv\u00e9delmi hat\u00f3s\u00e1g enged\u00e9ly\u00e9vel legfeljebb 10 ha egybef\u00fcgg\u0151 ter\u00fcleten ir\u00e1ny\u00edtott \u00e9get\u00e9st v\u00e9gezhet.<\/span><\/strong> Mentes\u00fcl az \u00e9get\u00e9si, t\u0171zgy\u00fajt\u00e1si tilalom al\u00f3l\u00a0 a katasztr\u00f3fav\u00e9delmi szerv \u00e1llom\u00e1nya, a tev\u00e9kenys\u00e9ge a k\u00e1rok cs\u00f6kkent\u00e9s\u00e9re, a t\u0171z terjed\u00e9s\u00e9nek megakad\u00e1lyoz\u00e1s\u00e1ra, szab\u00e1lyoz\u00e1s\u00e1ra ir\u00e1nyul.\u00a0 Ha jogszab\u00e1ly m\u00e1sk\u00e9pp nem rendelkezik, az ingatlan tulajdonosa, haszn\u00e1l\u00f3ja k\u00f6teles a ter\u00fcletet \u00e9ghet\u0151 hullad\u00e9kt\u00f3l \u00e9s tov\u00e1bbi hasznos\u00edt\u00e1sra nem ker\u00fcl\u0151 sz\u00e1raz n\u00f6v\u00e9nyzett\u0151l mentesen tartani.<\/p>\n<p>&nbsp;<\/p>\n<p>A tervezett tarl\u00f3,- l\u00e1bon \u00e1ll\u00f3 n\u00f6v\u00e9nyzet,- avar,- \u00e9s egy\u00e9b n\u00f6v\u00e9nyi hullad\u00e9k \u00e9get\u00e9s\u00e9re vonatkoz\u00f3 <strong>k\u00e9relmet<\/strong> az ir\u00e1ny\u00edtott \u00e9get\u00e9s hely\u00e9nek, id\u0151pontj\u00e1nak \u00e9s terjedelm\u00e9nek megjel\u00f6l\u00e9s\u00e9vel a megkezd\u00e9s el\u0151tt <strong>legal\u00e1bb 10 nappal az illet\u00e9kes I. fok\u00fa t\u0171zv\u00e9delmi hat\u00f3s\u00e1ghoz \u00edr\u00e1sban be kell ny\u00fajtani, <\/strong>melyet k\u00f6vet\u0151en a hat\u00f3s\u00e1g a k\u00e9relmet annak be\u00e9rkez\u00e9s\u00e9t\u0151l sz\u00e1m\u00edtott 5 munkanapon bel\u00fcl b\u00edr\u00e1lja el.<\/p>\n<p>&nbsp;<\/p>\n<p><span style=\"text-decoration: underline;\">Hat\u00f3s\u00e1g el\u00e9rhet\u0151s\u00e9ge:<\/span> <strong>Feh\u00e9rgyarmati Katasztr\u00f3fav\u00e9delmi Kirendelts\u00e9g Hat\u00f3s\u00e1gi Oszt\u00e1ly, 4900 Feh\u00e9rgyarmat, K\u00f6lcsey u. 27. Tel.: 44\/362-005<\/strong><\/p>\n<p>&nbsp;<\/p>\n<p><strong>Az ir\u00e1ny\u00edtott \u00e9get\u00e9s v\u00e9gz\u00e9s\u00e9re vonatkoz\u00f3 <span style=\"text-decoration: underline;\">k\u00e9relem tartalmazza<\/span>:<\/strong><\/p>\n<ol>\n<li>a) a k\u00e9relmez\u0151 nev\u00e9t \u00e9s c\u00edm\u00e9t,<\/li>\n<li>b) az \u00e9get\u00e9s pontos, f\u00f6ldrajzi koordin\u00e1t\u00e1kkal vagy helyrajzi sz\u00e1mmal megadott hely\u00e9t,<\/li>\n<li>c) az \u00e9get\u00e9s megkezd\u00e9s\u00e9nek \u00e9s tervezett befejez\u00e9s\u00e9nek id\u0151pontj\u00e1t (\u00e9v, h\u00f3nap, nap, \u00f3ra, perc),<\/li>\n<li>d) az ir\u00e1ny\u00edtott \u00e9get\u00e9s indok\u00e1t,<\/li>\n<li>e) az \u00e9get\u00e9ssel \u00e9rintett ter\u00fclet nagys\u00e1g\u00e1t,<\/li>\n<li>f) az \u00e9get\u00e9s folyamat\u00e1nak pontos le\u00edr\u00e1s\u00e1t,<\/li>\n<li>g) az \u00e9get\u00e9st v\u00e9gz\u0151 szem\u00e9lyek nev\u00e9t, c\u00edm\u00e9t,<\/li>\n<li>h) az \u00e9get\u00e9s fel\u00fcgyelet\u00e9t biztos\u00edt\u00f3 szem\u00e9ly nev\u00e9t \u00e9s c\u00edm\u00e9t, mobiltelefonsz\u00e1m\u00e1t,<\/li>\n<li>i) a t\u0171z tov\u00e1bbterjed\u00e9s\u00e9nek megakad\u00e1lyoz\u00e1s\u00e1ra tervezett int\u00e9zked\u00e9seket \u00e9s<\/li>\n<li>j) a helysz\u00ednen biztos\u00edtott, a t\u0171z tov\u00e1bbterjed\u00e9s\u00e9nek megakad\u00e1lyoz\u00e1s\u00e1ra k\u00e9szenl\u00e9tben tartott eszk\u00f6z\u00f6k felsorol\u00e1s\u00e1t.<\/li>\n<\/ol>\n<p>&nbsp;<\/p>\n<p>Az ir\u00e1ny\u00edtott \u00e9get\u00e9s sor\u00e1n a t\u0171z nem hagyhat\u00f3 \u0151rizetlen\u00fcl, \u00e9s vesz\u00e9ly eset\u00e9n, vagy ha az ir\u00e1ny\u00edtott \u00e9get\u00e9st befejezt\u00e9k, azt azonnal el kell oltani. Az ir\u00e1ny\u00edtott \u00e9get\u00e9s csak \u00fagy v\u00e9gezhet\u0151, hogy az a k\u00f6rnyezet\u00e9re t\u0171z- \u00e9s robban\u00e1svesz\u00e9lyt ne jelentsen. Az ir\u00e1ny\u00edtott \u00e9get\u00e9s befejez\u00e9se ut\u00e1n a helysz\u00ednt gondosan \u00e1t kell vizsg\u00e1lni, \u00e9s a par\u00e1zsl\u00e1st, izz\u00e1st &#8211; v\u00edzzel, f\u00f6ldtakar\u00e1ssal, k\u00e9ziszersz\u00e1mokkal &#8211; meg kell sz\u00fcntetni.<\/p>\n<p>&nbsp;<\/p>\n<p><strong>Az ir\u00e1ny\u00edtott \u00e9get\u00e9s sor\u00e1n a tarl\u00f3\u00e9get\u00e9s csak az al\u00e1bbiak szerint v\u00e9gezhet\u0151:<\/strong><\/p>\n<ol>\n<li>a) a tarl\u00f3nak minden oldalr\u00f3l egyidej\u0171leg t\u00f6rt\u00e9n\u0151 felgy\u00fajt\u00e1sa tilos; az \u00e9get\u00e9shez csak a tarl\u00f3maradv\u00e1nyok haszn\u00e1lhat\u00f3k fel; a szalm\u00e1t el\u00e9get\u00e9ssel megsemmis\u00edteni, l\u00e1bon \u00e1ll\u00f3 gabonat\u00e1bla mellett tarl\u00f3t \u00e9getni tilos,<\/li>\n<li>b) a tarl\u00f3t vagy az \u00e9rintett szakaszokat a tarl\u00f3\u00e9get\u00e9s megkezd\u00e9se el\u0151tt legal\u00e1bb 3 m\u00e9ter sz\u00e9less\u00e9gben k\u00f6r\u00fcl kell sz\u00e1ntani, \u00e9s az adott ter\u00fcleten az apr\u00f3 vadban okozhat\u00f3 k\u00e1rok elker\u00fcl\u00e9se \u00e9rdek\u00e9ben vadriaszt\u00e1st kell v\u00e9grehajtani, a fasorok, facsoportok v\u00e9delm\u00e9re a helyi adotts\u00e1goknak megfelel\u0151, de legal\u00e1bb 6 m\u00e9teres v\u00e9d\u0151s\u00e1vot kell sz\u00e1nt\u00e1ssal biztos\u00edtani,<\/li>\n<li>c) tarl\u00f3\u00e9get\u00e9s 10 ha-n\u00e1l nagyobb ter\u00fcleten szakaszosan v\u00e9gezhet\u0151, \u00e9s csak az egyik szakasz fel\u00e9get\u00e9se ut\u00e1n lehet a m\u00e1sik szakasz fel\u00e9get\u00e9s\u00e9hez hozz\u00e1fogni,<\/li>\n<li>d) a tarl\u00f3\u00e9get\u00e9s sor\u00e1n t\u0171zolt\u00e1sra alkalmas k\u00e9ziszersz\u00e1mmal ell\u00e1tott, megfelel\u0151 l\u00e9tsz\u00e1m\u00fa, kioktatott szem\u00e9ly jelenl\u00e9t\u00e9r\u0151l kell gondoskodni, \u00e9s legal\u00e1bb egy traktort ek\u00e9vel a helysz\u00ednen k\u00e9szenl\u00e9tben kell tartani.<\/li>\n<\/ol>\n<p>&nbsp;<\/p>\n<p>\u00daj el\u0151\u00edr\u00e1s, hogy a szabadt\u00e9ren keletkezett t\u00fczek megel\u0151z\u00e9se \u00e9rdek\u00e9ben <strong><span style=\"text-decoration: underline;\">a ter\u00fclet tulajdonosa, kezel\u0151je, haszonb\u00e9rl\u0151je k\u00f6teles a k\u00f6z\u00fat mindk\u00e9t oldal\u00e1n a k\u00f6z\u00fat sz\u00e9l\u00e9t\u0151l m\u00e9rve legal\u00e1bb 3 m sz\u00e9les v\u00e9d\u0151s\u00e1vot kialak\u00edtani, a v\u00e9d\u0151s\u00e1vval \u00e9rintett ter\u00fcletet\u00a0 \u00e9ghet\u0151 aljn\u00f6v\u00e9nyzett\u0151l, gallyt\u00f3l folyamatosan tiszt\u00e1n tartani. <\/span><\/strong><\/p>\n<p>&nbsp;<\/p>\n<p><em>Az \u00e9szlelt t\u0171zesetet k\u00e9sedelem n\u00e9lk\u00fcl a 105 vagy a 112-es (ingyenes) seg\u00e9lyh\u00edv\u00f3 telefonsz\u00e1mon jelezni kell a t\u0171zolt\u00f3s\u00e1gnak! <\/em><\/p>\n<p><strong>\u00a0<\/strong><\/p>\n<p><strong>Gemzse, 2015. m\u00e1rcius 11. <\/strong><\/p>\n<p><strong>\u00a0<\/strong><strong>\u00a0<\/strong><\/p>\n<p><strong>L\u00e9vai K\u00e1roly sk.<\/strong><\/p>\n<p>jegyz\u0151<\/p>\n","protected":false},"excerpt":{"rendered":"<p>Felh\u00edvom Gemzse K\u00f6zs\u00e9g Lakoss\u00e1ga figyelm\u00e9t, hogy 2015. m\u00e1rcius 05-\u00e9n \u00faj jogszab\u00e1ly l\u00e9pett \u00e9letbe a szabadt\u00e9ri t\u0171zgy\u00fajt\u00e1si szab\u00e1lyok vonatkoz\u00e1s\u00e1ban: &nbsp; Az Orsz\u00e1gos T\u0171zv\u00e9delmi Szab\u00e1lyzatr\u00f3l sz\u00f3l\u00f3 54\/2014. (XII. 5.) BM rendelet (a tov\u00e1bbiakban: OTSZ). &nbsp; Az \u00faj OTSZ-ben t\u00f6bb olyan haszn\u00e1lati el\u0151\u00edr\u00e1s szerepel, mely a kor\u00e1bbi rendeletben nem volt kell\u0151en szab\u00e1lyozva. Ilyen p\u00e9ld\u00e1ul a rendelet szabadt\u00e9ri t\u0171zgy\u00fajt\u00e1sra &hellip; <\/p>\n<p><a class=\"more-link btn\" href=\"https:\/\/www.gemzse.hu\/?p=365\">Olvass tov\u00e1bb<\/a><\/p>\n","protected":false},"author":1,"featured_media":0,"comment_status":"closed","ping_status":"closed","sticky":false,"template":"","format":"standard","meta":{"footnotes":""},"categories":[1],"tags":[],"class_list":["post-365","post","type-post","status-publish","format-standard","hentry","category-egyeb","item-wrap"],"_links":{"self":[{"href":"https:\/\/www.gemzse.hu\/index.php?rest_route=\/wp\/v2\/posts\/365","targetHints":{"allow":["GET"]}}],"collection":[{"href":"https:\/\/www.gemzse.hu\/index.php?rest_route=\/wp\/v2\/posts"}],"about":[{"href":"https:\/\/www.gemzse.hu\/index.php?rest_route=\/wp\/v2\/types\/post"}],"author":[{"embeddable":true,"href":"https:\/\/www.gemzse.hu\/index.php?rest_route=\/wp\/v2\/users\/1"}],"replies":[{"embeddable":true,"href":"https:\/\/www.gemzse.hu\/index.php?rest_route=%2Fwp%2Fv2%2Fcomments&post=365"}],"version-history":[{"count":1,"href":"https:\/\/www.gemzse.hu\/index.php?rest_route=\/wp\/v2\/posts\/365\/revisions"}],"predecessor-version":[{"id":366,"href":"https:\/\/www.gemzse.hu\/index.php?rest_route=\/wp\/v2\/posts\/365\/revisions\/366"}],"wp:attachment":[{"href":"https:\/\/www.gemzse.hu\/index.php?rest_route=%2Fwp%2Fv2%2Fmedia&parent=365"}],"wp:term":[{"taxonomy":"category","embeddable":true,"href":"https:\/\/www.gemzse.hu\/index.php?rest_route=%2Fwp%2Fv2%2Fcategories&post=365"},{"taxonomy":"post_tag","embeddable":true,"href":"https:\/\/www.gemzse.hu\/index.php?rest_route=%2Fwp%2Fv2%2Ftags&post=365"}],"curies":[{"name":"wp","href":"https:\/\/api.w.org\/{rel}","templated":true}]}}