{"id":383,"date":"2015-03-30T22:47:33","date_gmt":"2015-03-30T20:47:33","guid":{"rendered":"http:\/\/www.gemzse.hu\/?p=383"},"modified":"2015-03-30T22:51:56","modified_gmt":"2015-03-30T20:51:56","slug":"tisztelt-lakossag-ebzarlat-es-legeltetesi-tilalom","status":"publish","type":"post","link":"https:\/\/www.gemzse.hu\/?p=383","title":{"rendered":"Tisztelt Lakoss\u00e1g! Ebz\u00e1rlat \u00e9s legeltet\u00e9si tilalom!"},"content":{"rendered":"<p>T\u00e1j\u00e9koztatom a Tisztelt Lakoss\u00e1got, hogy a Szabolcs-Szatm\u00e1r-Bereg Megyei Korm\u00e1nyhivatal Feh\u00e9rgyarmat-V\u00e1s\u00e1rosnam\u00e9nyi J\u00e1r\u00e1si Hivatal J\u00e1r\u00e1si \u00c1llateg\u00e9szs\u00e9g\u00fcgyi \u00e9s \u00c9lelmiszer Ellen\u0151rz\u0151 Hivatal j\u00e1r\u00e1si f\u0151\u00e1llatorvosa a r\u00f3k\u00e1k veszetts\u00e9g elleni immuniz\u00e1l\u00e1sa miatt 2015. \u00e1prilis 2. \u00e9s \u00e1prilis 22. k\u00f6z\u00f6tti id\u0151szakra ebz\u00e1rlatot \u00e9s legeltet\u00e9si tilalmat rendelt el.<\/p>\n<p>E<a href=\"https:\/\/www.gemzse.hu\/wp-content\/uploads\/2015\/03\/SKMBT_22315032710070.pdf\" target=\"_blank\">bz\u00e1rlati \u00e9s legeltet\u00e9si tilalom elrendel\u00e9se. Feh\u00e9rgyarmat-V\u00e1s\u00e1rosnam\u00e9nyi J\u00e1r\u00e1si Hivatal J\u00e1r\u00e1si \u00c1llateg\u00e9szs\u00e9g\u00fcgyi \u00e9s \u00c9lelmiszer Ellen\u0151rz\u0151 Hivatal hat\u00e1rozata.<\/a><\/p>\n<p>Az ebz\u00e1rlat ideje alatt tart\u00e1si hely\u00e9n minden kuty\u00e1t \u00e9s macsk\u00e1t elz\u00e1rva, illet\u0151leg a kuty\u00e1kat megk\u00f6tve \u00fagy kell tartani, hogy azok onnan ki ne sz\u00f6khessenek, m\u00e1s \u00e1llattal vagy emberrel ne \u00e9rintkezhessenek; z\u00e1rt udvarban a kuty\u00e1k elz\u00e1r\u00e1s\u00e1t vagy megk\u00f6t\u00e9s\u00e9t mell\u0151zni lehet, ha azok onnan ki nem sz\u00f6khetnek. Kuty\u00e1t annak tart\u00e1si hely\u00e9r\u0151l csak p\u00f3r\u00e1zon vezetve, sz\u00e1jkos\u00e1rral lehet kivinni.<\/p>\n<p>Az \u00e9rv\u00e9nyes veszetts\u00e9g elleni v\u00e9d\u0151olt\u00e1ssal rendelkez\u0151 vad\u00e1szebek, a fegyveres er\u0151k \u00e9s fegyveres test\u00fcletek ebei, a katasztr\u00f3fa-ment\u0151 ebek, a seg\u00edt\u0151 \u00e9s ter\u00e1pi\u00e1s ebek, valamint a l\u00e1t\u00e1ss\u00e9r\u00fclt embereket vezet\u0151 ebek rendeltet\u00e9si c\u00e9ljuknak megfelel\u0151en haszn\u00e1latuk idej\u00e9re mentes\u00fclnek a korl\u00e1toz\u00f3 int\u00e9zked\u00e9s al\u00f3l. Az \u00e9rv\u00e9nyes veszetts\u00e9g elleni v\u00e9d\u0151olt\u00e1ssal rendelkez\u0151 p\u00e1sztor ebeket szabad \u00e1llatok terel\u00e9s\u00e9re, illetve \u0151rz\u00e9s\u00e9re haszn\u00e1lni lehet.<\/p>\n<p>Az ebz\u00e1rlat ideje alatt befogott, k\u00f3bor ebeket (h\u00fasev\u0151ket) hat\u00f3s\u00e1gi megfigyel\u00e9s al\u00e1 kell helyezni az ebz\u00e1rlat id\u0151tartam\u00e1ra. Ezen id\u0151tartam alatt a h\u00fasev\u0151 \u00e1llatok \u00f6sszevezet\u00e9s\u00e9vel j\u00e1r\u00f3 rendezv\u00e9ny nem tarthat\u00f3. A legeltet\u00e9si tilalom ideje alatt az \u00e1llatok legeltet\u00e9s\u00e9t a lakott telep\u00fcl\u00e9sen bel\u00fcl az erre kijel\u00f6lt helyen, ilyen hely hi\u00e1ny\u00e1ban a lakott telep\u00fcl\u00e9s hat\u00e1r\u00e1t\u00f3l sz\u00e1m\u00edtott 1000 m\u00e9teren bel\u00fcl kell megszervezni. Az \u00e1llatok v\u00e1ndorolva t\u00f6rt\u00e9n\u0151 legeltet\u00e9se tilos! Az \u00e1lland\u00f3an legel\u0151n tartott szarvasmarha \u00e1llom\u00e1nyok legeltet\u00e9s\u00e9t \u2013 az \u00e1llom\u00e1ny nagys\u00e1g\u00e1t\u00f3l f\u00fcgg\u0151en \u2013 10-20 hekt\u00e1ros ter\u00fcletre kell l\u00e9trehozni.<\/p>\n<p>Gemzse, 2015. m\u00e1rcius 30.<\/p>\n","protected":false},"excerpt":{"rendered":"<p>T\u00e1j\u00e9koztatom a Tisztelt Lakoss\u00e1got, hogy a Szabolcs-Szatm\u00e1r-Bereg Megyei Korm\u00e1nyhivatal Feh\u00e9rgyarmat-V\u00e1s\u00e1rosnam\u00e9nyi J\u00e1r\u00e1si Hivatal J\u00e1r\u00e1si \u00c1llateg\u00e9szs\u00e9g\u00fcgyi \u00e9s \u00c9lelmiszer Ellen\u0151rz\u0151 Hivatal j\u00e1r\u00e1si f\u0151\u00e1llatorvosa a r\u00f3k\u00e1k veszetts\u00e9g elleni immuniz\u00e1l\u00e1sa miatt 2015. \u00e1prilis 2. \u00e9s \u00e1prilis 22. k\u00f6z\u00f6tti id\u0151szakra ebz\u00e1rlatot \u00e9s legeltet\u00e9si tilalmat rendelt el. Ebz\u00e1rlati \u00e9s legeltet\u00e9si tilalom elrendel\u00e9se. Feh\u00e9rgyarmat-V\u00e1s\u00e1rosnam\u00e9nyi J\u00e1r\u00e1si Hivatal J\u00e1r\u00e1si \u00c1llateg\u00e9szs\u00e9g\u00fcgyi \u00e9s \u00c9lelmiszer Ellen\u0151rz\u0151 Hivatal hat\u00e1rozata. &hellip; <\/p>\n<p><a class=\"more-link btn\" href=\"https:\/\/www.gemzse.hu\/?p=383\">Olvass tov\u00e1bb<\/a><\/p>\n","protected":false},"author":1,"featured_media":0,"comment_status":"closed","ping_status":"closed","sticky":false,"template":"","format":"standard","meta":{"footnotes":""},"categories":[1],"tags":[],"class_list":["post-383","post","type-post","status-publish","format-standard","hentry","category-egyeb","item-wrap"],"_links":{"self":[{"href":"https:\/\/www.gemzse.hu\/index.php?rest_route=\/wp\/v2\/posts\/383","targetHints":{"allow":["GET"]}}],"collection":[{"href":"https:\/\/www.gemzse.hu\/index.php?rest_route=\/wp\/v2\/posts"}],"about":[{"href":"https:\/\/www.gemzse.hu\/index.php?rest_route=\/wp\/v2\/types\/post"}],"author":[{"embeddable":true,"href":"https:\/\/www.gemzse.hu\/index.php?rest_route=\/wp\/v2\/users\/1"}],"replies":[{"embeddable":true,"href":"https:\/\/www.gemzse.hu\/index.php?rest_route=%2Fwp%2Fv2%2Fcomments&post=383"}],"version-history":[{"count":3,"href":"https:\/\/www.gemzse.hu\/index.php?rest_route=\/wp\/v2\/posts\/383\/revisions"}],"predecessor-version":[{"id":387,"href":"https:\/\/www.gemzse.hu\/index.php?rest_route=\/wp\/v2\/posts\/383\/revisions\/387"}],"wp:attachment":[{"href":"https:\/\/www.gemzse.hu\/index.php?rest_route=%2Fwp%2Fv2%2Fmedia&parent=383"}],"wp:term":[{"taxonomy":"category","embeddable":true,"href":"https:\/\/www.gemzse.hu\/index.php?rest_route=%2Fwp%2Fv2%2Fcategories&post=383"},{"taxonomy":"post_tag","embeddable":true,"href":"https:\/\/www.gemzse.hu\/index.php?rest_route=%2Fwp%2Fv2%2Ftags&post=383"}],"curies":[{"name":"wp","href":"https:\/\/api.w.org\/{rel}","templated":true}]}}