{"id":388,"date":"2015-03-31T13:16:26","date_gmt":"2015-03-31T11:16:26","guid":{"rendered":"http:\/\/www.gemzse.hu\/?p=388"},"modified":"2015-03-31T13:17:00","modified_gmt":"2015-03-31T11:17:00","slug":"husvet","status":"publish","type":"post","link":"https:\/\/www.gemzse.hu\/?p=388","title":{"rendered":"H\u00fasv\u00e9t"},"content":{"rendered":"<p>A h\u00fasv\u00e9t a kereszt\u00e9ny egyh\u00e1z legfontosabb \u00e9s legnagyobb \u00fcnnepe, ugyanakkor a tavasz elj\u00f6vetel\u00e9nek k\u00f6sz\u00f6nt\u00e9se is.<\/p>\n<p><strong>H\u00fasv\u00e9t vas\u00e1rnap<\/strong> a felt\u00e1madt Krisztust \u00fcnnepelj\u00fck. E naphoz kapcsol\u00f3dik az \u00e9telszentel\u00e9s hagyom\u00e1nya.<\/p>\n<p><strong>H\u00fasv\u00e9t h\u00e9tf\u0151<\/strong> a locsolkod\u00e1s napja. Alapja a v\u00edz megtiszt\u00edt\u00f3, term\u00e9kenys\u00e9g var\u00e1zsl\u00f3 erej\u00e9be vetett hit.<\/p>\n<p><strong><span style=\"text-decoration: underline;\">H\u00fasv\u00e9ti jelk\u00e9pek: <\/span><\/strong><\/p>\n<p><strong>Toj\u00e1s: <\/strong>Az \u00e9let \u00fajj\u00e1sz\u00fclet\u00e9s\u00e9nek, term\u00e9kenys\u00e9g\u00e9nek leg\u0151sibb jelk\u00e9pe.<\/p>\n<p><strong>B\u00e1r\u00e1ny:<\/strong> Azt jelk\u00e9pezi, hogy J\u00e9zus Krisztus \u00e1ldozati b\u00e1r\u00e1nyk\u00e9nt halt kereszthal\u00e1lt az emberis\u00e9g megv\u00e1lt\u00e1s\u00e1\u00e9rt.<\/p>\n<p><strong>Ny\u00fal<\/strong>: A legenda szerint egy germ\u00e1n istenn\u0151 a toj\u00e1srak\u00f3 madar\u00e1t a gyermekek sz\u00f3rakoztat\u00e1s\u00e1ra ny\u00fall\u00e1 v\u00e1ltoztatta.<\/p>\n<p><strong>Barka:<\/strong> Az \u00fajj\u00e1sz\u00fclet\u0151 term\u00e9szetet, a b\u00f6jti id\u0151szak v\u00e9g\u00e9t jelzi.<\/p>\n<p><a href=\"https:\/\/www.gemzse.hu\/wp-content\/uploads\/2015\/03\/husvet1.jpg\"><img loading=\"lazy\" decoding=\"async\" class=\" size-medium wp-image-389 alignleft\" src=\"https:\/\/www.gemzse.hu\/wp-content\/uploads\/2015\/03\/husvet1-256x300.jpg\" alt=\"husvet1\" width=\"256\" height=\"300\" srcset=\"https:\/\/www.gemzse.hu\/wp-content\/uploads\/2015\/03\/husvet1-256x300.jpg 256w, https:\/\/www.gemzse.hu\/wp-content\/uploads\/2015\/03\/husvet1.jpg 686w\" sizes=\"auto, (max-width: 256px) 100vw, 256px\" \/><img loading=\"lazy\" decoding=\"async\" class=\" size-medium wp-image-390 alignright\" src=\"https:\/\/www.gemzse.hu\/wp-content\/uploads\/2015\/03\/husvet2-256x300.jpg\" alt=\"husvet2\" width=\"256\" height=\"300\" srcset=\"https:\/\/www.gemzse.hu\/wp-content\/uploads\/2015\/03\/husvet2-256x300.jpg 256w, https:\/\/www.gemzse.hu\/wp-content\/uploads\/2015\/03\/husvet2.jpg 690w\" sizes=\"auto, (max-width: 256px) 100vw, 256px\" \/><\/a><\/p>\n<p>&nbsp;<\/p>\n<p>&nbsp;<\/p>\n<p>&nbsp;<\/p>\n<p>&nbsp;<\/p>\n<p>&nbsp;<\/p>\n<p>&nbsp;<\/p>\n<p>&nbsp;<\/p>\n<p>&nbsp;<\/p>\n<p>&nbsp;<\/p>\n<p>&nbsp;<\/p>\n<p>&nbsp;<\/p>\n<p>&nbsp;<\/p>\n<h2 style=\"text-align: center;\"><strong>Kellemes H\u00fasv\u00e9ti \u00dcnnepeket k\u00edv\u00e1n<br \/>\n<\/strong><strong>Gemzse K\u00f6zs\u00e9g \u00d6nkorm\u00e1nyzata!<\/strong><\/h2>\n","protected":false},"excerpt":{"rendered":"<p>A h\u00fasv\u00e9t a kereszt\u00e9ny egyh\u00e1z legfontosabb \u00e9s legnagyobb \u00fcnnepe, ugyanakkor a tavasz elj\u00f6vetel\u00e9nek k\u00f6sz\u00f6nt\u00e9se is. H\u00fasv\u00e9t vas\u00e1rnap a felt\u00e1madt Krisztust \u00fcnnepelj\u00fck. E naphoz kapcsol\u00f3dik az \u00e9telszentel\u00e9s hagyom\u00e1nya. H\u00fasv\u00e9t h\u00e9tf\u0151 a locsolkod\u00e1s napja. Alapja a v\u00edz megtiszt\u00edt\u00f3, term\u00e9kenys\u00e9g var\u00e1zsl\u00f3 erej\u00e9be vetett hit. H\u00fasv\u00e9ti jelk\u00e9pek: Toj\u00e1s: Az \u00e9let \u00fajj\u00e1sz\u00fclet\u00e9s\u00e9nek, term\u00e9kenys\u00e9g\u00e9nek leg\u0151sibb jelk\u00e9pe. B\u00e1r\u00e1ny: Azt jelk\u00e9pezi, hogy J\u00e9zus &hellip; <\/p>\n<p><a class=\"more-link btn\" href=\"https:\/\/www.gemzse.hu\/?p=388\">Olvass tov\u00e1bb<\/a><\/p>\n","protected":false},"author":1,"featured_media":0,"comment_status":"closed","ping_status":"closed","sticky":false,"template":"","format":"standard","meta":{"footnotes":""},"categories":[1],"tags":[],"class_list":["post-388","post","type-post","status-publish","format-standard","hentry","category-egyeb","item-wrap"],"_links":{"self":[{"href":"https:\/\/www.gemzse.hu\/index.php?rest_route=\/wp\/v2\/posts\/388","targetHints":{"allow":["GET"]}}],"collection":[{"href":"https:\/\/www.gemzse.hu\/index.php?rest_route=\/wp\/v2\/posts"}],"about":[{"href":"https:\/\/www.gemzse.hu\/index.php?rest_route=\/wp\/v2\/types\/post"}],"author":[{"embeddable":true,"href":"https:\/\/www.gemzse.hu\/index.php?rest_route=\/wp\/v2\/users\/1"}],"replies":[{"embeddable":true,"href":"https:\/\/www.gemzse.hu\/index.php?rest_route=%2Fwp%2Fv2%2Fcomments&post=388"}],"version-history":[{"count":1,"href":"https:\/\/www.gemzse.hu\/index.php?rest_route=\/wp\/v2\/posts\/388\/revisions"}],"predecessor-version":[{"id":391,"href":"https:\/\/www.gemzse.hu\/index.php?rest_route=\/wp\/v2\/posts\/388\/revisions\/391"}],"wp:attachment":[{"href":"https:\/\/www.gemzse.hu\/index.php?rest_route=%2Fwp%2Fv2%2Fmedia&parent=388"}],"wp:term":[{"taxonomy":"category","embeddable":true,"href":"https:\/\/www.gemzse.hu\/index.php?rest_route=%2Fwp%2Fv2%2Fcategories&post=388"},{"taxonomy":"post_tag","embeddable":true,"href":"https:\/\/www.gemzse.hu\/index.php?rest_route=%2Fwp%2Fv2%2Ftags&post=388"}],"curies":[{"name":"wp","href":"https:\/\/api.w.org\/{rel}","templated":true}]}}