{"id":426,"date":"2015-05-27T22:10:52","date_gmt":"2015-05-27T20:10:52","guid":{"rendered":"http:\/\/www.gemzse.hu\/?p=426"},"modified":"2015-05-27T22:10:52","modified_gmt":"2015-05-27T20:10:52","slug":"gyereknap","status":"publish","type":"post","link":"https:\/\/www.gemzse.hu\/?p=426","title":{"rendered":"GYEREKNAP"},"content":{"rendered":"<h1 style=\"text-align: center;\"><a href=\"https:\/\/www.gemzse.hu\/wp-content\/uploads\/2015\/05\/gyereknap.jpg\"><img loading=\"lazy\" decoding=\"async\" class=\"aligncenter size-medium wp-image-423\" src=\"https:\/\/www.gemzse.hu\/wp-content\/uploads\/2015\/05\/gyereknap-300x46.jpg\" alt=\"gyereknap\" width=\"300\" height=\"46\" srcset=\"https:\/\/www.gemzse.hu\/wp-content\/uploads\/2015\/05\/gyereknap-300x46.jpg 300w, https:\/\/www.gemzse.hu\/wp-content\/uploads\/2015\/05\/gyereknap.jpg 627w\" sizes=\"auto, (max-width: 300px) 100vw, 300px\" \/><\/a><\/h1>\n<h4>Kedves Gyerekek!<\/h4>\n<h4>Ma titeket k\u00f6sz\u00f6nt a vil\u00e1g! Gyereknap alkalm\u00e1b\u00f3l k\u00edv\u00e1nom, hogy nem csak a mai, de minden napotok legyen \u00f6r\u00f6mteli. \u00c9ljetek \u00e9s n\u0151jetek fel szeretetben \u00e9s biztons\u00e1gban! V\u00e1ljatok felel\u0151ss\u00e9gteljes feln\u0151ttekk\u00e9, a vil\u00e1g pedig \u00e9rt\u00e9kesebb\u00e9 \u00e1ltalatok. Szuhanics Albert verse hozz\u00e1tok sz\u00f3l:<\/h4>\n<p><a href=\"https:\/\/www.gemzse.hu\/wp-content\/uploads\/2015\/05\/gyereknap2.jpg\"><img loading=\"lazy\" decoding=\"async\" class=\" size-full wp-image-424 aligncenter\" src=\"https:\/\/www.gemzse.hu\/wp-content\/uploads\/2015\/05\/gyereknap2.jpg\" alt=\"gyereknap2\" width=\"520\" height=\"410\" srcset=\"https:\/\/www.gemzse.hu\/wp-content\/uploads\/2015\/05\/gyereknap2.jpg 520w, https:\/\/www.gemzse.hu\/wp-content\/uploads\/2015\/05\/gyereknap2-300x237.jpg 300w\" sizes=\"auto, (max-width: 520px) 100vw, 520px\" \/><\/a><\/p>\n<h4>Legyen a mai nap aj\u00e1nd\u00e9k sz\u00e1motokra! T\u00f6lts\u00e9tek vid\u00e1man \u00e9s legyen sok \u00f6r\u00f6m\u00f6t\u00f6k a gyereknapi programokban! K\u00edv\u00e1nok nektek tov\u00e1bbi boldog gyermek\u00e9veket!<\/h4>\n<h4>Gemzse, 2015. m\u00e1jus 31.<\/h4>\n<h4><\/h4>\n<h4 style=\"padding-left: 270px;\">Szeretettel: Varga S\u00e1ndor<\/h4>\n<h4>\u00a0 \u00a0 \u00a0 \u00a0 \u00a0 \u00a0 \u00a0 \u00a0 \u00a0 \u00a0 \u00a0 \u00a0 \u00a0 \u00a0 \u00a0 \u00a0 \u00a0 \u00a0 \u00a0 \u00a0 \u00a0 \u00a0 \u00a0 \u00a0 \u00a0 \u00a0 \u00a0 \u00a0 \u00a0 \u00a0 \u00a0 \u00a0 \u00a0 \u00a0 \u00a0 \u00a0 \u00a0 \u00a0 \u00a0 polg\u00e1rmester<\/h4>\n","protected":false},"excerpt":{"rendered":"<p>Kedves Gyerekek! Ma titeket k\u00f6sz\u00f6nt a vil\u00e1g! Gyereknap alkalm\u00e1b\u00f3l k\u00edv\u00e1nom, hogy nem csak a mai, de minden napotok legyen \u00f6r\u00f6mteli. \u00c9ljetek \u00e9s n\u0151jetek fel szeretetben \u00e9s biztons\u00e1gban! V\u00e1ljatok felel\u0151ss\u00e9gteljes feln\u0151ttekk\u00e9, a vil\u00e1g pedig \u00e9rt\u00e9kesebb\u00e9 \u00e1ltalatok. Szuhanics Albert verse hozz\u00e1tok sz\u00f3l: Legyen a mai nap aj\u00e1nd\u00e9k sz\u00e1motokra! T\u00f6lts\u00e9tek vid\u00e1man \u00e9s legyen sok \u00f6r\u00f6m\u00f6t\u00f6k a gyereknapi programokban! &hellip; <\/p>\n<p><a class=\"more-link btn\" href=\"https:\/\/www.gemzse.hu\/?p=426\">Olvass tov\u00e1bb<\/a><\/p>\n","protected":false},"author":1,"featured_media":0,"comment_status":"closed","ping_status":"closed","sticky":false,"template":"","format":"standard","meta":{"footnotes":""},"categories":[1],"tags":[],"class_list":["post-426","post","type-post","status-publish","format-standard","hentry","category-egyeb","item-wrap"],"_links":{"self":[{"href":"https:\/\/www.gemzse.hu\/index.php?rest_route=\/wp\/v2\/posts\/426","targetHints":{"allow":["GET"]}}],"collection":[{"href":"https:\/\/www.gemzse.hu\/index.php?rest_route=\/wp\/v2\/posts"}],"about":[{"href":"https:\/\/www.gemzse.hu\/index.php?rest_route=\/wp\/v2\/types\/post"}],"author":[{"embeddable":true,"href":"https:\/\/www.gemzse.hu\/index.php?rest_route=\/wp\/v2\/users\/1"}],"replies":[{"embeddable":true,"href":"https:\/\/www.gemzse.hu\/index.php?rest_route=%2Fwp%2Fv2%2Fcomments&post=426"}],"version-history":[{"count":1,"href":"https:\/\/www.gemzse.hu\/index.php?rest_route=\/wp\/v2\/posts\/426\/revisions"}],"predecessor-version":[{"id":427,"href":"https:\/\/www.gemzse.hu\/index.php?rest_route=\/wp\/v2\/posts\/426\/revisions\/427"}],"wp:attachment":[{"href":"https:\/\/www.gemzse.hu\/index.php?rest_route=%2Fwp%2Fv2%2Fmedia&parent=426"}],"wp:term":[{"taxonomy":"category","embeddable":true,"href":"https:\/\/www.gemzse.hu\/index.php?rest_route=%2Fwp%2Fv2%2Fcategories&post=426"},{"taxonomy":"post_tag","embeddable":true,"href":"https:\/\/www.gemzse.hu\/index.php?rest_route=%2Fwp%2Fv2%2Ftags&post=426"}],"curies":[{"name":"wp","href":"https:\/\/api.w.org\/{rel}","templated":true}]}}