{"id":440,"date":"2015-06-28T19:36:49","date_gmt":"2015-06-28T17:36:49","guid":{"rendered":"http:\/\/www.gemzse.hu\/?p=440"},"modified":"2015-06-28T19:39:01","modified_gmt":"2015-06-28T17:39:01","slug":"ugyfel-tajekoztato-az-mvh-helyszini-vizsgalatairol","status":"publish","type":"post","link":"https:\/\/www.gemzse.hu\/?p=440","title":{"rendered":"\u00dcgyf\u00e9l t\u00e1j\u00e9koztat\u00f3 az MVH helysz\u00edni vizsg\u00e1latair\u00f3l"},"content":{"rendered":"<h3>Kedves \u00dcgyfeleink!<\/h3>\n<p>Felh\u00edv\u00e1s az\u00a0 \u00e9rintett\u00a0\u00a0 KK-t bead\u00f3k r\u00e9sz\u00e9re.<\/p>\n<h3>MVH k\u00f6zlem\u00e9ny<\/h3>\n<p>\u00dcgyfeleinkn\u00e9l folytatott EMVA beruh\u00e1z\u00e1sos helysz\u00edni vizsg\u00e1latok eredm\u00e9nyes \u00e9s z\u00f6kken\u0151mentes v\u00e9grehajt\u00e1sa az elk\u00f6vetkez\u0151 h\u00f3napokban m\u00e9g hangs\u00falyosabb lesz.<\/p>\n<p>Az ellen\u0151rz\u00e9sekkel kapcsolatos t\u00e9vhitek eloszlat\u00e1sa \u00e9rdek\u00e9ben \u00e9s a m\u00e9g hat\u00e9konyabb t\u00e1j\u00e9koztat\u00e1s\u00e9rt egy r\u00f6vid \u00f6sszefoglal\u00f3 anyagot \u00e1ll\u00edtott \u00f6ssze a TEFO. A lev\u00e9l egy r\u00f6vid kivonata mindazon inform\u00e1ci\u00f3knak amely megtal\u00e1lhat\u00f3k az MVH k\u00fcls\u0151 honlapj\u00e1n.<\/p>\n<p><a href=\"https:\/\/www.gemzse.hu\/wp-content\/uploads\/2015\/06\/\u00dcgyf\u00e9l-t\u00e1j\u00e9koztat\u00f3.pdf\" target=\"_blank\">\u00dcgyf\u00e9l-t\u00e1j\u00e9koztat\u00f3<\/a><\/p>\n<p>2015.06.23.<\/p>\n","protected":false},"excerpt":{"rendered":"<p>Kedves \u00dcgyfeleink! Felh\u00edv\u00e1s az\u00a0 \u00e9rintett\u00a0\u00a0 KK-t bead\u00f3k r\u00e9sz\u00e9re. MVH k\u00f6zlem\u00e9ny \u00dcgyfeleinkn\u00e9l folytatott EMVA beruh\u00e1z\u00e1sos helysz\u00edni vizsg\u00e1latok eredm\u00e9nyes \u00e9s z\u00f6kken\u0151mentes v\u00e9grehajt\u00e1sa az elk\u00f6vetkez\u0151 h\u00f3napokban m\u00e9g hangs\u00falyosabb lesz. Az ellen\u0151rz\u00e9sekkel kapcsolatos t\u00e9vhitek eloszlat\u00e1sa \u00e9rdek\u00e9ben \u00e9s a m\u00e9g hat\u00e9konyabb t\u00e1j\u00e9koztat\u00e1s\u00e9rt egy r\u00f6vid \u00f6sszefoglal\u00f3 anyagot \u00e1ll\u00edtott \u00f6ssze a TEFO. A lev\u00e9l egy r\u00f6vid kivonata mindazon inform\u00e1ci\u00f3knak amely megtal\u00e1lhat\u00f3k az &hellip; <\/p>\n<p><a class=\"more-link btn\" href=\"https:\/\/www.gemzse.hu\/?p=440\">Olvass tov\u00e1bb<\/a><\/p>\n","protected":false},"author":1,"featured_media":0,"comment_status":"closed","ping_status":"closed","sticky":false,"template":"","format":"standard","meta":{"footnotes":""},"categories":[1],"tags":[],"class_list":["post-440","post","type-post","status-publish","format-standard","hentry","category-egyeb","item-wrap"],"_links":{"self":[{"href":"https:\/\/www.gemzse.hu\/index.php?rest_route=\/wp\/v2\/posts\/440","targetHints":{"allow":["GET"]}}],"collection":[{"href":"https:\/\/www.gemzse.hu\/index.php?rest_route=\/wp\/v2\/posts"}],"about":[{"href":"https:\/\/www.gemzse.hu\/index.php?rest_route=\/wp\/v2\/types\/post"}],"author":[{"embeddable":true,"href":"https:\/\/www.gemzse.hu\/index.php?rest_route=\/wp\/v2\/users\/1"}],"replies":[{"embeddable":true,"href":"https:\/\/www.gemzse.hu\/index.php?rest_route=%2Fwp%2Fv2%2Fcomments&post=440"}],"version-history":[{"count":2,"href":"https:\/\/www.gemzse.hu\/index.php?rest_route=\/wp\/v2\/posts\/440\/revisions"}],"predecessor-version":[{"id":443,"href":"https:\/\/www.gemzse.hu\/index.php?rest_route=\/wp\/v2\/posts\/440\/revisions\/443"}],"wp:attachment":[{"href":"https:\/\/www.gemzse.hu\/index.php?rest_route=%2Fwp%2Fv2%2Fmedia&parent=440"}],"wp:term":[{"taxonomy":"category","embeddable":true,"href":"https:\/\/www.gemzse.hu\/index.php?rest_route=%2Fwp%2Fv2%2Fcategories&post=440"},{"taxonomy":"post_tag","embeddable":true,"href":"https:\/\/www.gemzse.hu\/index.php?rest_route=%2Fwp%2Fv2%2Ftags&post=440"}],"curies":[{"name":"wp","href":"https:\/\/api.w.org\/{rel}","templated":true}]}}