{"id":453,"date":"2015-07-22T08:47:27","date_gmt":"2015-07-22T06:47:27","guid":{"rendered":"http:\/\/www.gemzse.hu\/?p=453"},"modified":"2015-07-22T08:47:27","modified_gmt":"2015-07-22T06:47:27","slug":"meghosszabbitja-a-hosegriadot-az-orszagos-tisztifoorvos","status":"publish","type":"post","link":"https:\/\/www.gemzse.hu\/?p=453","title":{"rendered":"Meghosszabb\u00edtja a h\u0151s\u00e9griad\u00f3t az orsz\u00e1gos tisztif\u0151orvos"},"content":{"rendered":"<p class=\"SubTitle\"><span style=\"color: #ff0000;\"><strong><a style=\"color: #ff0000;\" href=\"https:\/\/www.gemzse.hu\/wp-content\/uploads\/2015\/07\/h\u0151s\u00e9griaszt\u00e1s-meghosszabb\u00edt\u00e1sa-j\u00falius-24-ig.pdf\" target=\"_blank\">HIRDETM\u00c9NY<\/a><\/strong><\/span><\/p>\n<h3 class=\"SubTitle\">Tov\u00e1bb tart a k\u00e1nikula<\/h3>\n<div class=\"Body\">\n<div class=\"lead\">\n<p align=\"justify\"><b><span class=\"CikkImage\"><img loading=\"lazy\" decoding=\"async\" class=\" alignright\" title=\"\" src=\"https:\/\/www.antsz.hu\/data\/cms68561\/thermometer_789898_640.jpg\" alt=\"\" width=\"127\" height=\"85\" \/><\/span>Az orsz\u00e1gos tisztif\u0151orvos az Orsz\u00e1gos Meteorol\u00f3giai Szolg\u00e1lat el\u0151rejelz\u00e9se alapj\u00e1n, figyelembe v\u00e9ve az Orsz\u00e1gos K\u00f6zeg\u00e9szs\u00e9g\u00fcgyi K\u00f6zpont aj\u00e1nl\u00e1s\u00e1t a 2015. j\u00falius 17. (p\u00e9ntek) 0:00 \u00f3r\u00e1t\u00f3l 2015. j\u00falius 20. (h\u00e9tf\u0151) 16.00 \u2013 ig kiadott harmadfok\u00fa h\u0151s\u00e9griad\u00f3t j\u00falius 24. (p\u00e9ntek) 24:00 \u00f3r\u00e1ig meghosszabb\u00edtja az orsz\u00e1g eg\u00e9sz ter\u00fclet\u00e9re vonatkoz\u00f3an. Ezeken a napokon a napi \u00e1tlag h\u0151m\u00e9rs\u00e9klet meghaladhatja a 27 fokot, ami fokozott \u00f3vatoss\u00e1got k\u00f6vetel minden \u00e1llampolg\u00e1rt\u00f3l saj\u00e1t \u00e9s k\u00f6rnyezete eg\u00e9szs\u00e9ge \u00e9rdek\u00e9ben.<\/b><\/p>\n<\/div>\n<div>\n<div id=\"pagecontent\" class=\"page_content\">\n<div class=\"Text\">\n<p align=\"justify\">Az Orsz\u00e1gos Meteorol\u00f3giai Szolg\u00e1lat el\u0151rejelz\u00e9se szerint a k\u00f6vetkez\u0151 napokban ism\u00e9t er\u0151s\u00f6dik a nappali felmeleged\u00e9s. A h\u00e9tf\u0151i gyenge hidegfront ut\u00e1n fokoz\u00f3dik a h\u0151s\u00e9g az orsz\u00e1g eg\u00e9sz ter\u00fclet\u00e9n. A napi k\u00f6z\u00e9ph\u0151m\u00e9rs\u00e9klet cs\u00fct\u00f6rt\u00f6k\u00f6n ak\u00e1r a 29 fokot is meghaladhatja. Cs\u00fct\u00f6rt\u00f6kt\u0151l egy haz\u00e1nkt\u00f3l \u00e9szaknyugatra vesztegl\u0151 frontz\u00f3na befoly\u00e1solja id\u0151j\u00e1r\u00e1sunkat, \u00e9s az Alf\u00f6ld kiv\u00e9tel\u00e9vel elsz\u00f3rtan z\u00e1porok, zivatarok is kialakulhatnak. P\u00e9ntekt\u0151l az eml\u00edtett frontz\u00f3na k\u00f6zeled\u00e9se \u00e9s a z\u00e1porok, zivatarok miatt az \u00e9szaki, \u00e9szaknyugati orsz\u00e1gr\u00e9szben m\u00e1r m\u00e9rs\u00e9kl\u0151dik a nagy meleg. Az el\u0151rejelz\u00e9s szerinti napi k\u00fcsz\u00f6bh\u0151m\u00e9rs\u00e9kletek feletti h\u0151m\u00e9rs\u00e9kletek mellett magas a p\u00e1ratartalom, emiatt f\u00fclledtebbnek \u00e9rezhetj\u00fck az id\u0151t.<\/p>\n<p align=\"center\"><i>V\u00e1rhat\u00f3 minimum \u00e9s maximum h\u0151m\u00e9rs\u00e9kletek:<\/i><\/p>\n<div class=\"CikkArticleTableBorder\">\n<table class=\"style1Table\" summary=\"\" width=\"402\" cellspacing=\"0\" cellpadding=\"0\">\n<tbody>\n<tr>\n<td class=\"style1CikkArticleFirstTd\" colspan=\"2\" rowspan=\"2\" width=\"146\">\n<p align=\"center\">D\u00e1tum<\/p>\n<\/td>\n<td class=\"style1CikkArticleFirstTd\" colspan=\"2\" width=\"128\">\n<p align=\"center\">Minimum<\/p>\n<\/td>\n<td class=\"style1CikkArticleFirstTd\" colspan=\"2\" width=\"128\">\n<p align=\"center\">Maximum<\/p>\n<\/td>\n<\/tr>\n<tr>\n<td class=\"style1CikkArticleEvenTd\" width=\"58\">\n<p align=\"center\">als\u00f3<\/p>\n<\/td>\n<td class=\"style1CikkArticleEvenTd\" width=\"70\">\n<p align=\"center\">fels\u0151<\/p>\n<\/td>\n<td class=\"style1CikkArticleEvenTd\" width=\"58\">\n<p align=\"center\">als\u00f3<\/p>\n<\/td>\n<td class=\"style1CikkArticleEvenTd\" width=\"70\">\n<p align=\"center\">fels\u0151<\/p>\n<\/td>\n<\/tr>\n<tr>\n<td class=\"style1CikkArticleOddTd\" valign=\"bottom\" width=\"77\">\n<p align=\"right\">j\u00falius 21.<\/p>\n<\/td>\n<td class=\"style1CikkArticleOddTd\" valign=\"bottom\" width=\"69\">\n<p align=\"justify\">kedd<\/p>\n<\/td>\n<td class=\"style1CikkArticleOddTd\" valign=\"bottom\" width=\"58\">\n<p align=\"right\">14<\/p>\n<\/td>\n<td class=\"style1CikkArticleOddTd\" valign=\"bottom\" width=\"70\">\n<p align=\"right\">22<\/p>\n<\/td>\n<td class=\"style1CikkArticleOddTd\" valign=\"bottom\" width=\"58\">\n<p align=\"right\">31<\/p>\n<\/td>\n<td class=\"style1CikkArticleOddTd\" valign=\"bottom\" width=\"70\">\n<p align=\"right\">36<\/p>\n<\/td>\n<\/tr>\n<tr>\n<td class=\"style1CikkArticleEvenTd\" valign=\"bottom\" width=\"77\">\n<p align=\"right\">j\u00falius 22.<\/p>\n<\/td>\n<td class=\"style1CikkArticleEvenTd\" valign=\"bottom\" width=\"69\">\n<p align=\"justify\">szerda<\/p>\n<\/td>\n<td class=\"style1CikkArticleEvenTd\" valign=\"bottom\" width=\"58\">\n<p align=\"right\">16<\/p>\n<\/td>\n<td class=\"style1CikkArticleEvenTd\" valign=\"bottom\" width=\"70\">\n<p align=\"right\">22<\/p>\n<\/td>\n<td class=\"style1CikkArticleEvenTd\" valign=\"bottom\" width=\"58\">\n<p align=\"right\">34<\/p>\n<\/td>\n<td class=\"style1CikkArticleEvenTd\" valign=\"bottom\" width=\"70\">\n<p align=\"right\">37<\/p>\n<\/td>\n<\/tr>\n<tr>\n<td class=\"style1CikkArticleOddTd\" valign=\"bottom\" width=\"77\">\n<p align=\"right\">j\u00falius 23.<\/p>\n<\/td>\n<td class=\"style1CikkArticleOddTd\" valign=\"bottom\" width=\"69\">\n<p align=\"justify\">cs\u00fct\u00f6rt\u00f6k<\/p>\n<\/td>\n<td class=\"style1CikkArticleOddTd\" valign=\"bottom\" width=\"58\">\n<p align=\"right\">18<\/p>\n<\/td>\n<td class=\"style1CikkArticleOddTd\" valign=\"bottom\" width=\"70\">\n<p align=\"right\">23<\/p>\n<\/td>\n<td class=\"style1CikkArticleOddTd\" valign=\"bottom\" width=\"58\">\n<p align=\"right\">34<\/p>\n<\/td>\n<td class=\"style1CikkArticleOddTd\" valign=\"bottom\" width=\"70\">\n<p align=\"right\">38<\/p>\n<\/td>\n<\/tr>\n<tr>\n<td class=\"style1CikkArticleEvenTd\" valign=\"bottom\" width=\"77\">\n<p align=\"right\">j\u00falius 24.<\/p>\n<\/td>\n<td class=\"style1CikkArticleEvenTd\" valign=\"bottom\" width=\"69\">\n<p align=\"justify\">p\u00e9ntek<\/p>\n<\/td>\n<td class=\"style1CikkArticleEvenTd\" valign=\"bottom\" width=\"58\">\n<p align=\"right\">19<\/p>\n<\/td>\n<td class=\"style1CikkArticleEvenTd\" valign=\"bottom\" width=\"70\">\n<p align=\"right\">24<\/p>\n<\/td>\n<td class=\"style1CikkArticleEvenTd\" valign=\"bottom\" width=\"58\">\n<p align=\"right\">33<\/p>\n<\/td>\n<td class=\"style1CikkArticleEvenTd\" valign=\"bottom\" width=\"70\">\n<p align=\"right\">37<\/p>\n<\/td>\n<\/tr>\n<tr>\n<td class=\"style1CikkArticleOddTd\" valign=\"bottom\" width=\"77\">\n<p align=\"right\">j\u00falius 25.<\/p>\n<\/td>\n<td class=\"style1CikkArticleOddTd\" valign=\"bottom\" width=\"69\">\n<p align=\"justify\">szombat<\/p>\n<\/td>\n<td class=\"style1CikkArticleOddTd\" valign=\"bottom\" width=\"58\">\n<p align=\"right\">18<\/p>\n<\/td>\n<td class=\"style1CikkArticleOddTd\" valign=\"bottom\" width=\"70\">\n<p align=\"right\">23<\/p>\n<\/td>\n<td class=\"style1CikkArticleOddTd\" valign=\"bottom\" width=\"58\">\n<p align=\"right\">32<\/p>\n<\/td>\n<td class=\"style1CikkArticleOddTd\" valign=\"bottom\" width=\"70\">\n<p align=\"right\">36<\/p>\n<\/td>\n<\/tr>\n<tr>\n<td class=\"style1CikkArticleEvenTd\" valign=\"bottom\" width=\"77\">\n<p align=\"right\">j\u00falius 26.<\/p>\n<\/td>\n<td class=\"style1CikkArticleEvenTd\" valign=\"bottom\" width=\"69\">\n<p align=\"justify\">vas\u00e1rnap<\/p>\n<\/td>\n<td class=\"style1CikkArticleEvenTd\" valign=\"bottom\" width=\"58\">\n<p align=\"right\">18<\/p>\n<\/td>\n<td class=\"style1CikkArticleEvenTd\" valign=\"bottom\" width=\"70\">\n<p align=\"right\">23<\/p>\n<\/td>\n<td class=\"style1CikkArticleEvenTd\" valign=\"bottom\" width=\"58\">\n<p align=\"right\">27<\/p>\n<\/td>\n<td class=\"style1CikkArticleEvenTd\" valign=\"bottom\" width=\"70\">\n<p align=\"right\">33<\/p>\n<\/td>\n<\/tr>\n<\/tbody>\n<\/table>\n<\/div>\n<p align=\"justify\">Az <b>\u00c1NTSZ Orsz\u00e1gos Tisztif\u0151orvosi Hivatala<\/b> \u00e9s a <b>BM Orsz\u00e1gos Katasztr\u00f3fav\u00e9delmi F\u0151igazgat\u00f3s\u00e1g <\/b>k\u00e9ri az orsz\u00e1g lakoss\u00e1g\u00e1t \u00e9s a haz\u00e1nkban tart\u00f3zkod\u00f3kat, hogy a nagy melegben fogyasszanak t\u00f6bb folyad\u00e9kot. Ker\u00fclni kell a k\u00e1v\u00e9, az alkohol, a magas koffein \u00e9s cukortartalm\u00fa \u00a0\u00fcd\u00edt\u0151k \u00e9s zs\u00edros \u00e9telek fogyaszt\u00e1s\u00e1t. 11.00-15.00 \u00f3ra k\u00f6z\u00f6tt semmik\u00e9ppen ne tart\u00f3zkodjanak a t\u0171z\u0151 napon. V\u00e9dj\u00e9k b\u0151r\u00fcket a le\u00e9g\u00e9s ellen megfelel\u0151 \u00f6lt\u00f6zk\u00f6d\u00e9ssel \u00e9s napv\u00e9d\u0151 k\u00e9sz\u00edtm\u00e9nyek alkalmaz\u00e1s\u00e1val. Ne hagyj\u00e1k a gyermekeket, \u00e1llatokat t\u0171z\u0151 napon parkol\u00f3 aut\u00f3ban.<\/p>\n<p align=\"justify\">Aj\u00e1nlatos t\u00f6bb \u00f3r\u00e1t l\u00e9gkondicion\u00e1lt, h\u0171t\u00f6tt helyis\u00e9gben tart\u00f3zkodni. Azon l\u00e9gkondicion\u00e1l\u00f3val felszerelt helyis\u00e9gek list\u00e1ja, amelyeket \u2013 nyitva tart\u00e1suk f\u00fcggv\u00e9ny\u00e9ben \u2013 b\u00e1rki ig\u00e9nybe vehet, el\u00e9rhet\u0151 a katasztr\u00f3fav\u00e9delmi igazgat\u00f3s\u00e1gok weboldal\u00e1n.<\/p>\n<p align=\"justify\">A tov\u00e1bb tart\u00f3 h\u0151s\u00e9g megterheli az eg\u00e9szs\u00e9ges szervezet is, de k\u00fcl\u00f6n\u00f6sen vesz\u00e9lyeztettet helyzetben vannak a kisgyermekek, az id\u0151sek, valamint a sz\u00edv- \u00e9s \u00e9rrendszeri betegs\u00e9gben szenved\u0151k.\u00a0 Fokozott \u00f3vatoss\u00e1ggal vezessenek az aut\u00f3ba k\u00e9nyszer\u00fcl\u0151k. \u00a0A d\u00e9li \u00f3r\u00e1kban a v\u00edzparton pihen\u0151k is ker\u00fclj\u00e9k a napoz\u00e1st, valamint ne ugorjanak a v\u00edzbe felhev\u00fclt testtel.<\/p>\n<\/div>\n<\/div>\n<\/div>\n<\/div>\n","protected":false},"excerpt":{"rendered":"<p>HIRDETM\u00c9NY Tov\u00e1bb tart a k\u00e1nikula Az orsz\u00e1gos tisztif\u0151orvos az Orsz\u00e1gos Meteorol\u00f3giai Szolg\u00e1lat el\u0151rejelz\u00e9se alapj\u00e1n, figyelembe v\u00e9ve az Orsz\u00e1gos K\u00f6zeg\u00e9szs\u00e9g\u00fcgyi K\u00f6zpont aj\u00e1nl\u00e1s\u00e1t a 2015. j\u00falius 17. (p\u00e9ntek) 0:00 \u00f3r\u00e1t\u00f3l 2015. j\u00falius 20. (h\u00e9tf\u0151) 16.00 \u2013 ig kiadott harmadfok\u00fa h\u0151s\u00e9griad\u00f3t j\u00falius 24. (p\u00e9ntek) 24:00 \u00f3r\u00e1ig meghosszabb\u00edtja az orsz\u00e1g eg\u00e9sz ter\u00fclet\u00e9re vonatkoz\u00f3an. Ezeken a napokon a napi \u00e1tlag &hellip; <\/p>\n<p><a class=\"more-link btn\" href=\"https:\/\/www.gemzse.hu\/?p=453\">Olvass tov\u00e1bb<\/a><\/p>\n","protected":false},"author":1,"featured_media":0,"comment_status":"closed","ping_status":"closed","sticky":false,"template":"","format":"standard","meta":{"footnotes":""},"categories":[1],"tags":[],"class_list":["post-453","post","type-post","status-publish","format-standard","hentry","category-egyeb","item-wrap"],"_links":{"self":[{"href":"https:\/\/www.gemzse.hu\/index.php?rest_route=\/wp\/v2\/posts\/453","targetHints":{"allow":["GET"]}}],"collection":[{"href":"https:\/\/www.gemzse.hu\/index.php?rest_route=\/wp\/v2\/posts"}],"about":[{"href":"https:\/\/www.gemzse.hu\/index.php?rest_route=\/wp\/v2\/types\/post"}],"author":[{"embeddable":true,"href":"https:\/\/www.gemzse.hu\/index.php?rest_route=\/wp\/v2\/users\/1"}],"replies":[{"embeddable":true,"href":"https:\/\/www.gemzse.hu\/index.php?rest_route=%2Fwp%2Fv2%2Fcomments&post=453"}],"version-history":[{"count":1,"href":"https:\/\/www.gemzse.hu\/index.php?rest_route=\/wp\/v2\/posts\/453\/revisions"}],"predecessor-version":[{"id":455,"href":"https:\/\/www.gemzse.hu\/index.php?rest_route=\/wp\/v2\/posts\/453\/revisions\/455"}],"wp:attachment":[{"href":"https:\/\/www.gemzse.hu\/index.php?rest_route=%2Fwp%2Fv2%2Fmedia&parent=453"}],"wp:term":[{"taxonomy":"category","embeddable":true,"href":"https:\/\/www.gemzse.hu\/index.php?rest_route=%2Fwp%2Fv2%2Fcategories&post=453"},{"taxonomy":"post_tag","embeddable":true,"href":"https:\/\/www.gemzse.hu\/index.php?rest_route=%2Fwp%2Fv2%2Ftags&post=453"}],"curies":[{"name":"wp","href":"https:\/\/api.w.org\/{rel}","templated":true}]}}