{"id":471,"date":"2015-10-07T23:05:48","date_gmt":"2015-10-07T21:05:48","guid":{"rendered":"http:\/\/www.gemzse.hu\/?p=471"},"modified":"2015-10-08T09:05:04","modified_gmt":"2015-10-08T07:05:04","slug":"tajekoztatas","status":"publish","type":"post","link":"https:\/\/www.gemzse.hu\/?p=471","title":{"rendered":"T\u00e1j\u00e9koztat\u00e1s"},"content":{"rendered":"<div>\n<div>\n<div style=\"text-align: justify;\"><img loading=\"lazy\" decoding=\"async\" class=\" wp-image-472 size-medium alignright\" src=\"https:\/\/www.gemzse.hu\/wp-content\/uploads\/2015\/10\/IMG_3493-300x225.jpg\" alt=\"IMG_3493\" width=\"300\" height=\"225\" srcset=\"https:\/\/www.gemzse.hu\/wp-content\/uploads\/2015\/10\/IMG_3493-300x225.jpg 300w, https:\/\/www.gemzse.hu\/wp-content\/uploads\/2015\/10\/IMG_3493-1024x768.jpg 1024w\" sizes=\"auto, (max-width: 300px) 100vw, 300px\" \/>\u00d6r\u00f6mmel t\u00e1j\u00e9koztatom a Kedves Gemzsei Lakosokat, hogy az \u00d6nkorm\u00e1nyzat \u00e1ltal beszerz\u00e9sre ker\u00fclt egy SuzukiVitara ALLGRIP Premium 1,6 t\u00edpus\u00fa terepj\u00e1r\u00f3. A g\u00e9pj\u00e1rm\u0171vet a 21\/2015. (IV. 17. ) MvM rendelet alapj\u00e1n, a vid\u00e9ki gazdas\u00e1g \u00e9s a lakoss\u00e1g sz\u00e1m\u00e1ra ny\u00fajtott alapszolg\u00e1ltat\u00e1sok fejleszt\u00e9s\u00e9re 2015-t\u0151l ig\u00e9nybe vehet\u0151 t\u00e1mogat\u00e1sok jogc\u00edmen nyert p\u00e1ly\u00e1zati t\u00e1mogat\u00e1sb\u00f3l siker\u00fclt megv\u00e1s\u00e1rolni.<\/div>\n<p>\u00dcdv\u00f6zlettel:<\/p>\n<\/div>\n<p>Varga S\u00e1ndor<\/p>\n<\/div>\n<p>polg\u00e1rmester<\/p>\n<p>&nbsp;<\/p>\n","protected":false},"excerpt":{"rendered":"<p>\u00d6r\u00f6mmel t\u00e1j\u00e9koztatom a Kedves Gemzsei Lakosokat, hogy az \u00d6nkorm\u00e1nyzat \u00e1ltal beszerz\u00e9sre ker\u00fclt egy SuzukiVitara ALLGRIP Premium 1,6 t\u00edpus\u00fa terepj\u00e1r\u00f3. A g\u00e9pj\u00e1rm\u0171vet a 21\/2015. (IV. 17. ) MvM rendelet alapj\u00e1n, a vid\u00e9ki gazdas\u00e1g \u00e9s a lakoss\u00e1g sz\u00e1m\u00e1ra ny\u00fajtott alapszolg\u00e1ltat\u00e1sok fejleszt\u00e9s\u00e9re 2015-t\u0151l ig\u00e9nybe vehet\u0151 t\u00e1mogat\u00e1sok jogc\u00edmen nyert p\u00e1ly\u00e1zati t\u00e1mogat\u00e1sb\u00f3l siker\u00fclt megv\u00e1s\u00e1rolni. \u00dcdv\u00f6zlettel: Varga S\u00e1ndor polg\u00e1rmester &nbsp;<\/p>\n","protected":false},"author":1,"featured_media":0,"comment_status":"closed","ping_status":"closed","sticky":false,"template":"","format":"standard","meta":{"footnotes":""},"categories":[1],"tags":[],"class_list":["post-471","post","type-post","status-publish","format-standard","hentry","category-egyeb","item-wrap"],"_links":{"self":[{"href":"https:\/\/www.gemzse.hu\/index.php?rest_route=\/wp\/v2\/posts\/471","targetHints":{"allow":["GET"]}}],"collection":[{"href":"https:\/\/www.gemzse.hu\/index.php?rest_route=\/wp\/v2\/posts"}],"about":[{"href":"https:\/\/www.gemzse.hu\/index.php?rest_route=\/wp\/v2\/types\/post"}],"author":[{"embeddable":true,"href":"https:\/\/www.gemzse.hu\/index.php?rest_route=\/wp\/v2\/users\/1"}],"replies":[{"embeddable":true,"href":"https:\/\/www.gemzse.hu\/index.php?rest_route=%2Fwp%2Fv2%2Fcomments&post=471"}],"version-history":[{"count":3,"href":"https:\/\/www.gemzse.hu\/index.php?rest_route=\/wp\/v2\/posts\/471\/revisions"}],"predecessor-version":[{"id":483,"href":"https:\/\/www.gemzse.hu\/index.php?rest_route=\/wp\/v2\/posts\/471\/revisions\/483"}],"wp:attachment":[{"href":"https:\/\/www.gemzse.hu\/index.php?rest_route=%2Fwp%2Fv2%2Fmedia&parent=471"}],"wp:term":[{"taxonomy":"category","embeddable":true,"href":"https:\/\/www.gemzse.hu\/index.php?rest_route=%2Fwp%2Fv2%2Fcategories&post=471"},{"taxonomy":"post_tag","embeddable":true,"href":"https:\/\/www.gemzse.hu\/index.php?rest_route=%2Fwp%2Fv2%2Ftags&post=471"}],"curies":[{"name":"wp","href":"https:\/\/api.w.org\/{rel}","templated":true}]}}