{"id":513,"date":"2016-01-06T21:43:50","date_gmt":"2016-01-06T20:43:50","guid":{"rendered":"http:\/\/www.gemzse.hu\/?p=513"},"modified":"2016-02-23T22:39:06","modified_gmt":"2016-02-23T21:39:06","slug":"tajekoztatas-2016-evi-szemetszallitasrol","status":"publish","type":"post","link":"https:\/\/www.gemzse.hu\/?p=513","title":{"rendered":"T\u00e1j\u00e9koztat\u00e1s 2016. \u00e9vi szem\u00e9tsz\u00e1ll\u00edt\u00e1sr\u00f3l"},"content":{"rendered":"<p class=\"p0 ft0\"><a href=\"https:\/\/www.gemzse.hu\/wp-content\/uploads\/2015\/01\/T\u00e1j\u00e9koztat\u00f3-szem\u00e9tsz\u00e1ll\u00edt\u00e1sr\u00f3l-2016.pdf\" target=\"_blank\">Dokumentum let\u00f6lt\u00e9se<\/a><\/p>\n<p class=\"p0 ft0\"><strong>\u00c9szak-Alf\u00f6ldi K\u00f6rnyezetgazd\u00e1lkod\u00e1si Nonprofit Kft. 4400, Ny\u00edregyh\u00e1za, Bencz\u00far t\u00e9r 7.<\/strong><\/p>\n<p class=\"p1 ft3\">Tel: 80\/205-269, 42\/508-374, 42\/508-369 Fax: 42-315-706,\u00a0<span class=\"ft1\"><a href=\"http:\/\/www.eakhulladek.hu\/\">www.eakhulladek.hu\u00a0<\/a><\/span><\/p>\n<p class=\"p1 ft3\"><span class=\"ft2\">Az al\u00e1bbi t\u00e1j\u00e9koztat\u00f3 fontos inform\u00e1ci\u00f3kat tartalmaz, ez\u00e9rt eg\u00e9sz \u00e9vben \u0151rizze meg!<\/span><\/p>\n<p class=\"p2 ft4\"><strong>Tisztelt C\u00edm!<\/strong><\/p>\n<p class=\"p3 ft6\" style=\"text-align: justify;\">T\u00e1j\u00e9koztatom \u00d6nt, hogy telep\u00fcl\u00e9s\u00fck\u00f6n a hullad\u00e9k-k\u00f6zszolg\u00e1ltat\u00e1st az \u00c9szak-Alf\u00f6ldi K\u00f6rnyezetgazd\u00e1lkod\u00e1si Nonprofit Kft. v\u00e9gzi. A k\u00f6zszolg\u00e1ltat\u00e1s a lakoss\u00e1g r\u00e9sz\u00e9re egy <span class=\"ft4\">k\u00f6telez\u0151 jelleggel, heti rendszeress\u00e9ggel ig\u00e9nybe veend\u0151 <\/span>szolg\u00e1ltat\u00e1s. Ennek megfelel\u0151en, <span class=\"ft4\">a szolg\u00e1ltat\u00e1s ig\u00e9nybev\u00e9tele \u00e9s a vonatkoz\u00f3 d\u00edj megfizet\u00e9se valamennyi lakott ingatlan tulajdonosa vagy haszn\u00e1l\u00f3ja sz\u00e1m\u00e1ra \u00edr\u00e1sos szerz\u0151d\u00e9s megk\u00f6t\u00e9se n\u00e9lk\u00fcl is k\u00f6telez\u0151<\/span>. Az adott ingatlan tulajdonosv\u00e1ltoz\u00e1sa eset\u00e9n a k\u00f6zszolg\u00e1ltat\u00e1s d\u00edj\u00e1t az \u00faj tulajdonos adatainak <span class=\"ft4\">\u00e9rv\u00e9nyes bejelent\u00e9s\u00e9ig a r\u00e9gi tulajdonos k\u00f6teles viselni<\/span>. Amennyiben az ingatlan lakatlann\u00e1 v\u00e1lik, ott lehet\u0151s\u00e9g ny\u00edlik a szolg\u00e1ltat\u00e1s sz\u00fcneteltet\u00e9s\u00e9re max. egy napt\u00e1ri \u00e9vre. Ilyen esetben kiz\u00e1r\u00f3lag <span class=\"ft4\">\u00edr\u00e1sos bejelent\u00e9st <\/span>\u00e1ll m\u00f3dunkban elfogadni leghamarabb a bejelent\u00e9s napj\u00e1t\u00f3l kezd\u0151d\u0151en (<span class=\"ft4\">visszamen\u0151leg nem<\/span>), <span class=\"ft4\">kiz\u00e1r\u00f3lag <\/span><span class=\"ft4\">m\u00e9r\u0151\u00f3ra-\u00e1ll\u00e1st<\/span><span class=\"ft4\"> tartalmaz\u00f3 k\u00f6z\u00fczemi igazol\u00e1s (\u00e1ramszolg\u00e1ltat\u00f3 eset\u00e9n 250 kWh \u00f3r\u00e1ig, v\u00edzszolg\u00e1ltat\u00f3 eset\u00e9n 3 m<\/span><span class=\"ft5\">3 <\/span><span class=\"ft4\">fogyaszt\u00e1sig) <\/span>bemutat\u00e1sa mellett. Az ingatlan lakatlans\u00e1g\u00e1nak bejelent\u00e9s\u00e9t minden \u00e9vben febru\u00e1r 15-ig a fentiek szerint kell meg\u00faj\u00edtania, ill. egy\u00e9b \u00e9v k\u00f6zbeni v\u00e1ltoz\u00e1st 15 napon bel\u00fcl bejelentenie.<\/p>\n<p class=\"p4 ft4\">A k\u00f6zszolg\u00e1ltat\u00e1s keret\u00e9ben T\u00e1rsas\u00e1gunk az al\u00e1bbi szolg\u00e1ltat\u00e1sokat ny\u00fajtja:<\/p>\n<p class=\"p5 ft4\"><strong>1. Vegyes hullad\u00e9k gy\u0171jt\u00e9se \u00e9s \u00e1rtalmatlan\u00edt\u00e1sa<\/strong><\/p>\n<p class=\"p6 ft7\">A vegyes hullad\u00e9k gy\u0171jt\u00e9se az \u00d6n\u00f6k telep\u00fcl\u00e9s\u00e9n a k\u00f6vetkez\u0151 napokon t\u00f6rt\u00e9nik:<\/p>\n<table class=\"t0\" style=\"height: 125px;\" width=\"625\" cellspacing=\"0\" cellpadding=\"0\">\n<tbody>\n<tr>\n<td class=\"tr0 td0\">\n<p class=\"p7 ft4\">J\u00e9ke<\/p>\n<\/td>\n<td class=\"tr0 td1\">\n<p class=\"p8 ft4\">Cs\u00fct\u00f6rt\u00f6k<\/p>\n<\/td>\n<td class=\"tr0 td1\">\n<p class=\"p8 ft4\">Ilk<\/p>\n<\/td>\n<td class=\"tr0 td2\">\n<p class=\"p8 ft4\">Cs\u00fct\u00f6rt\u00f6k<\/p>\n<\/td>\n<\/tr>\n<tr>\n<td class=\"tr0 td3\">\n<p class=\"p7 ft4\">Tornyosp\u00e1lca<\/p>\n<\/td>\n<td class=\"tr0 td4\">\n<p class=\"p8 ft4\">H\u00e9tf\u0151<\/p>\n<\/td>\n<td class=\"tr0 td4\">\n<p class=\"p8 ft4\">Beregsur\u00e1ny<\/p>\n<\/td>\n<td class=\"tr0 td5\">\n<p class=\"p8 ft4\">Cs\u00fct\u00f6rt\u00f6k<\/p>\n<\/td>\n<\/tr>\n<tr>\n<td class=\"tr0 td3\">\n<p class=\"p7 ft4\">Pusztadobos<\/p>\n<\/td>\n<td class=\"tr0 td4\">\n<p class=\"p8 ft4\">H\u00e9tf\u0151<\/p>\n<\/td>\n<td class=\"tr0 td4\">\n<p class=\"p8 ft4\">Csaroda<\/p>\n<\/td>\n<td class=\"tr0 td5\">\n<p class=\"p8 ft4\">Szerda<\/p>\n<\/td>\n<\/tr>\n<tr>\n<td class=\"tr1 td3\">\n<p class=\"p7 ft4\">Gemzse<\/p>\n<\/td>\n<td class=\"tr1 td4\">\n<p class=\"p8 ft4\">H\u00e9tf\u0151<\/p>\n<\/td>\n<td class=\"tr1 td4\">\n<p class=\"p8 ft4\">Beregdar\u00f3c<\/p>\n<\/td>\n<td class=\"tr1 td5\">\n<p class=\"p8 ft4\">Szerda<\/p>\n<\/td>\n<\/tr>\n<\/tbody>\n<\/table>\n<p class=\"p9 ft4\">Kiv\u00e9telt k\u00e9peznek ez al\u00f3l az al\u00e1bbi \u00fcnnepnapok, ahol a gy\u0171jt\u00e9si napok a k\u00f6vetkez\u0151k\u00e9ppen v\u00e1ltoznak<\/p>\n<table class=\"t1\" style=\"height: 74px;\" width=\"625\" cellspacing=\"0\" cellpadding=\"0\">\n<tbody>\n<tr>\n<td class=\"tr0 td6\"><\/td>\n<td class=\"tr0 td7\">\n<p class=\"p11 ft4\">Eredeti<\/p>\n<\/td>\n<td class=\"tr0 td8\">\n<p class=\"p12 ft4\">M\u00f3dos\u00edtott<\/p>\n<\/td>\n<\/tr>\n<tr>\n<td class=\"tr0 td9\">\n<p class=\"p7 ft4\">H\u00fasv\u00e9t<\/p>\n<\/td>\n<td class=\"tr0 td10\">\n<p class=\"p8 ft4\">2016. m\u00e1rcius 28 H<\/p>\n<\/td>\n<td class=\"tr0 td11\">\n<p class=\"p8 ft4\">2016. m\u00e1rcius 26. SZO<\/p>\n<\/td>\n<\/tr>\n<tr>\n<td class=\"tr0 td9\">\n<p class=\"p7 ft4\">Kar\u00e1csony<\/p>\n<\/td>\n<td class=\"tr0 td10\">\n<p class=\"p8 ft4\">2016. december 26. H<\/p>\n<\/td>\n<td class=\"tr0 td11\">\n<p class=\"p8 ft4\">2016. december 24. SZO<\/p>\n<\/td>\n<\/tr>\n<\/tbody>\n<\/table>\n<p class=\"p13 ft4\" style=\"text-align: justify;\"><span class=\"ft6\">A vegyes hullad\u00e9kot kiz\u00e1r\u00f3lag <\/span>ingatlanonk\u00e9nt egy darab 120 l-es, 80 l-es vagy 60 l-es szabv\u00e1ny gy\u0171jt\u0151ed\u00e9nyb\u0151l <span class=\"ft6\">(kuk\u00e1b\u00f3l) \u00e1ll m\u00f3dunkban elsz\u00e1ll\u00edtani. A 60 \u00e9s 80 <\/span><span class=\"ft6\">l-es<\/span><span class=\"ft6\"> kuk\u00e1hoz tartoz\u00f3 d\u00edj kiz\u00e1r\u00f3lag akkor alkalmazhat\u00f3, ha t\u00e9nylegesen ekkora a haszn\u00e1lt ed\u00e9ny m\u00e9rete (az ed\u00e9ny megl\u00e9t\u00e9t a megv\u00e1s\u00e1rl\u00e1s\u00e1r\u00f3l saj\u00e1t n\u00e9vre sz\u00f3l\u00f3 sz\u00e1ml\u00e1val kell igazolni). A 60 l ed\u00e9ny kiz\u00e1r\u00f3lag jogszab\u00e1lyban r\u00f6gz\u00edtett \u00f6nkorm\u00e1nyzati igazol\u00e1ssal haszn\u00e1lthat\u00f3. A gy\u0171jt\u0151ed\u00e9nybe h\u00e1ztart\u00e1si hullad\u00e9knak nem min\u0151s\u00fcl\u0151, valamint foly\u00e9kony anyagot, illetve vesz\u00e9lyes hullad\u00e9kot nem lehet elhelyezni! Amennyiben az egy kuk\u00e1t meghalad\u00f3 mennyis\u00e9g\u0171 hullad\u00e9k keletkezik h\u00e1ztart\u00e1s\u00e1ban, arra vagy k\u00fcl\u00f6n szerz\u0151d\u00e9st kell k\u00f6tnie T\u00e1rsas\u00e1gunkkal, vagy a hullad\u00e9kot a T\u00e1rsas\u00e1gunk embl\u00e9m\u00e1j\u00e1val ell\u00e1tott zs\u00e1kban kell kihelyeznie. Ilyen zs\u00e1k 315,- Ft + \u00c1FA \u00e1ron megv\u00e1s\u00e1rolhat\u00f3 \u00fcgyf\u00e9lszolg\u00e1latainkon.<\/span><\/p>\n<p class=\"p14 ft4\"><strong>2. Lomtalan\u00edt\u00e1s<\/strong><\/p>\n<p class=\"p15 ft4\" style=\"text-align: justify;\"><span class=\"ft6\">2015. \u00e9vben t\u00e1rsas\u00e1gunk egy alkalommal, a <\/span>2016. okt\u00f3ber 03.-07. k\u00f6z\u00f6tt v\u00e9gez lomtalan\u00edt\u00e1st a vegyes hullad\u00e9k gy\u0171jt\u00e9si napj\u00e1n<span class=\"ft6\">, azzal azonos id\u0151pontban. K\u00e9rj\u00fck \u00d6n\u00f6ket, hogy a lomokat az ingatlanuk el\u00e9, a saj\u00e1t hullad\u00e9kgy\u0171jt\u0151 ed\u00e9nyeik mell\u00e9 helyezz\u00e9k ki, ahonnan T\u00e1rsas\u00e1gunk g\u00e9pj\u00e1rm\u0171vei a vegyes hullad\u00e9kn\u00e1l megszokott id\u0151pontban sz\u00e1ll\u00edtj\u00e1k el azt. Felh\u00edvjuk figyelm\u00fcket, hogy tilos vesz\u00e9lyes hullad\u00e9kot, \u00e9p\u00edt\u00e9si t\u00f6rmel\u00e9ket, z\u00f6ldhullad\u00e9kot, aut\u00f3gumit a lomok k\u00f6z\u00e9 kirakni.<\/span><\/p>\n<p class=\"p16 ft4\"><strong>3. Szelekt\u00edv hullad\u00e9k gy\u0171jt\u00e9se:<\/strong><\/p>\n<p class=\"p15 ft4\" style=\"text-align: justify;\"><span class=\"ft6\">A szelekt\u00edv hullad\u00e9kot kiz\u00e1r\u00f3lag a t\u00e1rsas\u00e1gunk \u00e1ltal kiosztott <\/span>ingatlanonk\u00e9nt egy darab 240 l-es (k\u00e9k sz\u00edn\u0171), szabv\u00e1ny gy\u0171jt\u0151ed\u00e9nyb\u0151l <span class=\"ft6\">(kuk\u00e1b\u00f3l) \u00e1ll m\u00f3dunkban elsz\u00e1ll\u00edtani. A kiosztott 240 <\/span><span class=\"ft6\">l-es<\/span><span class=\"ft6\"> k\u00e9k kuk\u00e1kban az \u00fcveg kiv\u00e9tel\u00e9vel valamennyi \u00fajrahasznos\u00edthat\u00f3 anyag elhelyezhet\u0151 (m\u0171anyag, pap\u00edr, f\u00e9m). Vegyes h\u00e1ztart\u00e1si hullad\u00e9kot, vesz\u00e9lyes \u00e9s z\u00f6ld hullad\u00e9kot k\u00e9rj\u00fck, ne tegyen a gy\u0171jt\u0151ed\u00e9nybe \u00e9s a gy\u0171jt\u0151ed\u00e9nyt kiz\u00e1r\u00f3lag szelekt\u00edv hullad\u00e9k gy\u0171jt\u00e9s\u00e9re haszn\u00e1lja, ellenkez\u0151 esetben azt a k\u00f6zszolg\u00e1ltat\u00f3 nem \u00fcr\u00edti ki! A szelekt\u00edv hullad\u00e9k begy\u0171jt\u00e9s\u00e9t <\/span>2016. <span class=\"ft6\">\u00e9v folyam\u00e1n a k\u00f6vetkez\u0151 napokon v\u00e9gezz\u00fck: <\/span>janu\u00e1r 25, febru\u00e1r 22, m\u00e1rcius<\/p>\n<p class=\"p17 ft4\" style=\"text-align: justify;\">21, \u00e1prilis 18, m\u00e1jus 16, j\u00fanius 13, j\u00falius 11, augusztus 08, szeptember 05, okt\u00f3ber 3, okt\u00f3ber 31, november 28, december 24.<\/p>\n<p class=\"p5 ft4\" style=\"text-align: justify;\">A teljes szolg\u00e1ltat\u00e1s d\u00edja 2016. \u00e9vben \u2013 hacsak jogszab\u00e1ly \u00e9vk\u00f6zben m\u00e1sk\u00e9nt nem rendelkezik \u2013 nem v\u00e1ltozik.<\/p>\n<p class=\"p15 ft6\" style=\"text-align: justify;\">A hullad\u00e9kd\u00edjat negyed\u00e9ves rendszeress\u00e9ggel, ut\u00f3lag sz\u00e1ml\u00e1zza ki t\u00e1rsas\u00e1gunk. Valamennyi sz\u00e1ml\u00e1n t\u00e1j\u00e9koztatjuk \u00d6nt aktu\u00e1lis egyenleg\u00e9r\u0151l. A hullad\u00e9kd\u00edj be nem fizet\u00e9se eset\u00e9n T\u00e1rsas\u00e1gunk felsz\u00f3l\u00edt\u00e1st k\u00fcld, majd kezdem\u00e9nyezi az elmaradt d\u00edjh\u00e1tral\u00e9k \u00e9s annak kamatainak <span class=\"ft4\">ad\u00f3k m\u00f3dj\u00e1ra t\u00f6rt\u00e9n\u0151 behajt\u00e1s\u00e1t a Nemzeti Ad\u00f3 \u00e9s V\u00e1mhivataln\u00e1l. T\u00e1rsas\u00e1gunknak nem \u00e1ll m\u00f3dj\u00e1ban sem kedvezm\u00e9nyt, sem mentess\u00e9get adni, vagy a m\u00e1r kisz\u00e1ml\u00e1zott d\u00edjat elengedni vagy cs\u00f6kkenteni. <\/span>Tartoz\u00e1s eset\u00e9n R\u00e9szletfizet\u00e9si Meg\u00e1llapod\u00e1st k\u00f6thet, melyet a fizet\u00e9si felsz\u00f3l\u00edt\u00e1s \u00e1tv\u00e9tel\u00e9t\u0151l sz\u00e1m\u00edtott 15 napon bel\u00fcl van lehet\u0151s\u00e9ge \u00edr\u00e1sban k\u00e9relmezni, ezt k\u00f6vet\u0151en a behajt\u00e1st elind\u00edtjuk. A Meg\u00e1llapod\u00e1st csak a <span class=\"ft4\">d\u00edjh\u00e1tral\u00e9k <\/span><span class=\"ft4\">25%-\u00e1nak<\/span><span class=\"ft4\"> azonnali <\/span>megfizet\u00e9s\u00e9t k\u00f6vet\u0151en van m\u00f3dunkban 6 havi egyenl\u0151 r\u00e9szletre megk\u00f6tni.<\/p>\n<p class=\"p18 ft6\" style=\"text-align: justify;\">B\u00e1rmilyen tov\u00e1bbi hullad\u00e9kgazd\u00e1lkod\u00e1st \u00e9rint\u0151 k\u00e9rd\u00e9ssel kapcsolatban forduljanak bizalommal az \u00c9szak-Alf\u00f6ldi K\u00f6rnyezetgazd\u00e1lkod\u00e1si Np. Kft\u2013hez a fejl\u00e9cben szerepl\u0151 el\u00e9rhet\u0151s\u00e9geken (a megadott 80-as telefonsz\u00e1m \u201ez\u00f6ld sz\u00e1m\u201d, \u00edgy azt ingyenesen h\u00edvhatja Szabolcs-Szatm\u00e1r Bereg megyei <span class=\"ft4\">vonalas <\/span>telefonk\u00e9sz\u00fcl\u00e9k\u00e9r\u0151l). Munkat\u00e1rsaink k\u00e9szs\u00e9gesen \u00e1llnak \u00fcgyfeleink rendelkez\u00e9s\u00e9re.<\/p>\n","protected":false},"excerpt":{"rendered":"<p>Dokumentum let\u00f6lt\u00e9se \u00c9szak-Alf\u00f6ldi K\u00f6rnyezetgazd\u00e1lkod\u00e1si Nonprofit Kft. 4400, Ny\u00edregyh\u00e1za, Bencz\u00far t\u00e9r 7. Tel: 80\/205-269, 42\/508-374, 42\/508-369 Fax: 42-315-706,\u00a0www.eakhulladek.hu\u00a0 Az al\u00e1bbi t\u00e1j\u00e9koztat\u00f3 fontos inform\u00e1ci\u00f3kat tartalmaz, ez\u00e9rt eg\u00e9sz \u00e9vben \u0151rizze meg! Tisztelt C\u00edm! T\u00e1j\u00e9koztatom \u00d6nt, hogy telep\u00fcl\u00e9s\u00fck\u00f6n a hullad\u00e9k-k\u00f6zszolg\u00e1ltat\u00e1st az \u00c9szak-Alf\u00f6ldi K\u00f6rnyezetgazd\u00e1lkod\u00e1si Nonprofit Kft. v\u00e9gzi. A k\u00f6zszolg\u00e1ltat\u00e1s a lakoss\u00e1g r\u00e9sz\u00e9re egy k\u00f6telez\u0151 jelleggel, heti rendszeress\u00e9ggel ig\u00e9nybe veend\u0151 szolg\u00e1ltat\u00e1s. &hellip; <\/p>\n<p><a class=\"more-link btn\" href=\"https:\/\/www.gemzse.hu\/?p=513\">Olvass tov\u00e1bb<\/a><\/p>\n","protected":false},"author":1,"featured_media":0,"comment_status":"closed","ping_status":"closed","sticky":false,"template":"","format":"standard","meta":{"footnotes":""},"categories":[1],"tags":[],"class_list":["post-513","post","type-post","status-publish","format-standard","hentry","category-egyeb","item-wrap"],"_links":{"self":[{"href":"https:\/\/www.gemzse.hu\/index.php?rest_route=\/wp\/v2\/posts\/513","targetHints":{"allow":["GET"]}}],"collection":[{"href":"https:\/\/www.gemzse.hu\/index.php?rest_route=\/wp\/v2\/posts"}],"about":[{"href":"https:\/\/www.gemzse.hu\/index.php?rest_route=\/wp\/v2\/types\/post"}],"author":[{"embeddable":true,"href":"https:\/\/www.gemzse.hu\/index.php?rest_route=\/wp\/v2\/users\/1"}],"replies":[{"embeddable":true,"href":"https:\/\/www.gemzse.hu\/index.php?rest_route=%2Fwp%2Fv2%2Fcomments&post=513"}],"version-history":[{"count":4,"href":"https:\/\/www.gemzse.hu\/index.php?rest_route=\/wp\/v2\/posts\/513\/revisions"}],"predecessor-version":[{"id":549,"href":"https:\/\/www.gemzse.hu\/index.php?rest_route=\/wp\/v2\/posts\/513\/revisions\/549"}],"wp:attachment":[{"href":"https:\/\/www.gemzse.hu\/index.php?rest_route=%2Fwp%2Fv2%2Fmedia&parent=513"}],"wp:term":[{"taxonomy":"category","embeddable":true,"href":"https:\/\/www.gemzse.hu\/index.php?rest_route=%2Fwp%2Fv2%2Fcategories&post=513"},{"taxonomy":"post_tag","embeddable":true,"href":"https:\/\/www.gemzse.hu\/index.php?rest_route=%2Fwp%2Fv2%2Ftags&post=513"}],"curies":[{"name":"wp","href":"https:\/\/api.w.org\/{rel}","templated":true}]}}