{"id":558,"date":"2016-04-02T10:56:39","date_gmt":"2016-04-02T08:56:39","guid":{"rendered":"http:\/\/www.gemzse.hu\/?p=558"},"modified":"2016-04-02T20:23:54","modified_gmt":"2016-04-02T18:23:54","slug":"hirdetmeny","status":"publish","type":"post","link":"https:\/\/www.gemzse.hu\/?p=558","title":{"rendered":"Hirdetm\u00e9ny"},"content":{"rendered":"<p style=\"text-align: center;\"><a href=\"https:\/\/www.gemzse.hu\/wp-content\/uploads\/2016\/04\/MagyarC\u00edmer.png\" rel=\"attachment wp-att-559\"><img loading=\"lazy\" decoding=\"async\" class=\"alignnone wp-image-559\" src=\"https:\/\/www.gemzse.hu\/wp-content\/uploads\/2016\/04\/MagyarC\u00edmer.png\" alt=\"MagyarC\u00edmer\" width=\"71\" height=\"150\" \/><\/a><\/p>\n<h3 class=\"r\" style=\"text-align: center;\">Szabolcs-Szatm\u00e1r-Bereg Megyei\u00a0Korm\u00e1nyhivatal<\/h3>\n<hr \/>\n<p>&nbsp;<\/p>\n<h5 style=\"text-align: left;\">T\u00e1rgy: Aj\u00e1nl\u00e1s vad\u00e1szter\u00fclet hat\u00e1r\u00e1ra<br \/>\nIktat\u00f3sz\u00e1m: SZ\/83\/03183-1\/2016.<\/h5>\n<h2 style=\"text-align: center;\"><span style=\"color: #ff0000;\"><strong>AJ\u00c1NL\u00c1S<\/strong><\/span><\/h2>\n<h5 style=\"text-align: left;\">A Szabolcs-Szatm\u00e1r-Bereg Megyei Korm\u00e1nyhivatal hivatalb\u00f3l aj\u00e1nl\u00e1st tesz k\u00f6zz\u00e9 hirdetm\u00e9nyi \u00faton a 15-851550-110 k\u00f3dsz\u00e1m\u00fa vad\u00e1szter\u00fclet hat\u00e1r\u00e1ra, a 2017.03.01-t\u0151l- 2037.02.28-ig tart\u00f3 \u00fczemtervi ciklusra az al\u00e1bbiak szerint:<\/h5>\n<p><a title=\"Aj\u00e1nl\u00e1s 15-851550-110 Gemzse.pdf\" href=\"https:\/\/www.gemzse.hu\/wp-content\/uploads\/2016\/04\/Aj\u00e1nl\u00e1s-15-851550-110-Gemzse.pdf\" target=\"_blank\"><img loading=\"lazy\" decoding=\"async\" class=\"alignnone size-full wp-image-564\" src=\"https:\/\/www.gemzse.hu\/wp-content\/uploads\/2016\/04\/Aj\u00e1nl\u00e1s-15-851550-110-Gemzse.jpg\" alt=\"Aj\u00e1nl\u00e1s 15-851550-110 Gemzse\" width=\"182\" height=\"256\" \/><\/a> <a title=\"T\u00e9rk\u00e9pv\u00e1zlat 15-851550-110 Gemzse.pdf\" href=\"https:\/\/www.gemzse.hu\/wp-content\/uploads\/2016\/04\/T\u00e9rk\u00e9pv\u00e1zlat-15-851550-110-Gemzse.pdf\"><img loading=\"lazy\" decoding=\"async\" class=\"alignnone size-full wp-image-565\" src=\"https:\/\/www.gemzse.hu\/wp-content\/uploads\/2016\/04\/T\u00e9rk\u00e9pv\u00e1zlat-15-851550-110-Gemzse.jpg\" alt=\"T\u00e9rk\u00e9pv\u00e1zlat 15-851550-110 Gemzse\" width=\"181\" height=\"256\" \/><\/a><\/p>\n<p>A k\u00e9pre kattintva let\u00f6ltheti a dokumentumokat.<\/p>\n<h5><\/h5>\n<hr \/>\n<h5 style=\"text-align: left;\">T\u00e1rgy: Aj\u00e1nl\u00e1s vad\u00e1szter\u00fclet hat\u00e1r\u00e1ra<br \/>\nIktat\u00f3sz\u00e1m: SZ\/83\/03181-1\/2016.<\/h5>\n<h2 style=\"text-align: center;\"><span style=\"color: #ff0000;\"><strong>AJ\u00c1NL\u00c1S<\/strong><\/span><\/h2>\n<h5 style=\"text-align: left;\">A Szabolcs-Szatm\u00e1r-Bereg Megyei Korm\u00e1nyhivatal hivatalb\u00f3l aj\u00e1nl\u00e1st tesz k\u00f6zz\u00e9 hirdetm\u00e9nyi \u00faton a 15-851560-110 k\u00f3dsz\u00e1m\u00fa vad\u00e1szter\u00fclet hat\u00e1r\u00e1ra, a 2017.03.01-t\u0151l- 2037.02.28-ig tart\u00f3 \u00fczemtervi ciklusra az al\u00e1bbiak szerint:<\/h5>\n<p><a title=\"Aj\u00e1nl\u00e1s 15-851560-110 Gemzse\" href=\"https:\/\/www.gemzse.hu\/wp-content\/uploads\/2016\/04\/Aj\u00e1nl\u00e1s-15-851560-110-Gemzse.pdf\" target=\"_blank\"><img loading=\"lazy\" decoding=\"async\" class=\"alignnone size-full wp-image-568\" src=\"https:\/\/www.gemzse.hu\/wp-content\/uploads\/2016\/04\/Aj\u00e1nl\u00e1s-15-851560-110-Gemzse.jpg\" alt=\"Aj\u00e1nl\u00e1s 15-851560-110 Gemzse\" width=\"181\" height=\"256\" \/><\/a> <a title=\"T\u00e9rk\u00e9pv\u00e1zlat 15-851560-110 Gemzse\" href=\"https:\/\/www.gemzse.hu\/wp-content\/uploads\/2016\/04\/T\u00e9rk\u00e9pv\u00e1zlat-15-851560-110-Gemzse.pdf\" target=\"_blank\"><img loading=\"lazy\" decoding=\"async\" class=\"alignnone size-full wp-image-569\" src=\"https:\/\/www.gemzse.hu\/wp-content\/uploads\/2016\/04\/T\u00e9rk\u00e9pv\u00e1zlat-15-851560-110-Gemzse.jpg\" alt=\"T\u00e9rk\u00e9pv\u00e1zlat 15-851560-110 Gemzse\" width=\"180\" height=\"257\" \/><\/a><\/p>\n<p>A k\u00e9pre kattintva let\u00f6ltheti a dokumentumokat.<\/p>\n<h5><\/h5>\n<hr \/>\n<h5>T\u00e1rgy: Aj\u00e1nl\u00e1s vad\u00e1szter\u00fclet hat\u00e1r\u00e1ra<br \/>\nIktat\u00f3sz\u00e1m: SZ\/83\/03181-1\/2016.<\/h5>\n<h2 style=\"text-align: center;\"><span style=\"color: #ff0000;\"><strong>AJ\u00c1NL\u00c1S<\/strong><\/span><\/h2>\n<h5>A Szabolcs-Szatm\u00e1r-Bereg Megyei Korm\u00e1nyhivatal hivatalb\u00f3l aj\u00e1nl\u00e1st tesz k\u00f6zz\u00e9 hirdetm\u00e9nyi \u00faton a 15-852950-110 k\u00f3dsz\u00e1m\u00fa vad\u00e1szter\u00fclet hat\u00e1r\u00e1ra, a 2017.03.01-t\u0151l- 2037.02.28-ig tart\u00f3 \u00fczemtervi ciklusra az al\u00e1bbiak szerint:<\/h5>\n<p><a title=\"Aj\u00e1nl\u00e1s 15-852950-110 Gemzse\" href=\"https:\/\/www.gemzse.hu\/wp-content\/uploads\/2016\/04\/Aj\u00e1nl\u00e1s-15-852950-110-Gemzse.pdf\" target=\"_blank\"><img loading=\"lazy\" decoding=\"async\" class=\"alignnone size-full wp-image-575\" src=\"https:\/\/www.gemzse.hu\/wp-content\/uploads\/2016\/04\/Aj\u00e1nl\u00e1s-15-852950-110-Gemzse.jpg\" alt=\"Aj\u00e1nl\u00e1s 15-852950-110 Gemzse\" width=\"181\" height=\"255\" \/><\/a> <a title=\"T\u00e9rk\u00e9pv\u00e1zlat 15-852950-110 Gemzse\" href=\"https:\/\/www.gemzse.hu\/wp-content\/uploads\/2016\/04\/T\u00e9rk\u00e9pv\u00e1zlat-15-852950-110-Gemzse.pdf\" target=\"_blank\"><img loading=\"lazy\" decoding=\"async\" class=\"alignnone size-medium wp-image-576\" src=\"https:\/\/www.gemzse.hu\/wp-content\/uploads\/2016\/04\/T\u00e9rk\u00e9pv\u00e1zlat-15-852950-110-Gemzse.jpg\" alt=\"T\u00e9rk\u00e9pv\u00e1zlat 15-852950-110 Gemzse\" width=\"180\" height=\"257\" \/><\/a><\/p>\n<p>A k\u00e9pre kattintva let\u00f6ltheti a dokumentumokat.<\/p>\n<h5><\/h5>\n<hr \/>\n<h5>T\u00e1rgy: Aj\u00e1nl\u00e1s vad\u00e1szter\u00fclet hat\u00e1r\u00e1ra<br \/>\nIktat\u00f3sz\u00e1m: SZ\/83\/03201-1\/2016.<\/h5>\n<h2 style=\"text-align: center;\"><span style=\"color: #ff0000;\"><strong>AJ\u00c1NL\u00c1S<\/strong><\/span><\/h2>\n<h5>A Szabolcs-Szatm\u00e1r-Bereg Megyei Korm\u00e1nyhivatal hivatalb\u00f3l aj\u00e1nl\u00e1st tesz k\u00f6zz\u00e9 hirdetm\u00e9nyi \u00faton a 15-853050-110 k\u00f3dsz\u00e1m\u00fa vad\u00e1szter\u00fclet hat\u00e1r\u00e1ra, a 2017.03.01-t\u0151l- 2037.02.28-ig tart\u00f3 \u00fczemtervi ciklusra az al\u00e1bbiak szerint:<\/h5>\n<p><a title=\"Aj\u00e1nl\u00e1s 15-853050-110 Gemzse\" href=\"https:\/\/www.gemzse.hu\/wp-content\/uploads\/2016\/04\/Aj\u00e1nl\u00e1s-15-853050-110-Gemzse.pdf\" target=\"_blank\"><img loading=\"lazy\" decoding=\"async\" class=\"alignnone size-full wp-image-580\" src=\"https:\/\/www.gemzse.hu\/wp-content\/uploads\/2016\/04\/Aj\u00e1nl\u00e1s-15-853050-110-Gemzse.jpg\" alt=\"Aj\u00e1nl\u00e1s 15-853050-110 Gemzse\" width=\"181\" height=\"256\" \/><\/a> <a title=\"Terk\u00e9pv\u00e1zlat 15-853050-110 Gemzse\" href=\"https:\/\/www.gemzse.hu\/wp-content\/uploads\/2016\/04\/Terk\u00e9pv\u00e1zlat-15-853050-110-Gemzse.pdf\" target=\"_blank\"><img loading=\"lazy\" decoding=\"async\" class=\"alignnone size-medium wp-image-581\" src=\"https:\/\/www.gemzse.hu\/wp-content\/uploads\/2016\/04\/Terk\u00e9pv\u00e1zlat-15-853050-110-Gemzse.jpg\" alt=\"Terk\u00e9pv\u00e1zlat 15-853050-110 Gemzse\" width=\"181\" height=\"256\" \/><\/a><\/p>\n<p>A k\u00e9pre kattintva let\u00f6ltheti a dokumentumokat.<\/p>\n<hr \/>\n<h3 style=\"text-align: center;\"><strong><span style=\"color: #008080;\">Vad\u00e1szter\u00fcleti aj\u00e1nl\u00e1s \u00e1tn\u00e9zeti t\u00e9rk\u00e9pe<\/span><\/strong><\/h3>\n<p><a title=\"Vad\u00e1szter\u00fcleti aj\u00e1nl\u00e1s \u00e1tn\u00e9zeti t\u00e9rk\u00e9pe\" href=\"https:\/\/www.gemzse.hu\/wp-content\/uploads\/2016\/04\/\u00c1tn\u00e9zeti-t\u00e9rk\u00e9p-Gemzse.pdf\" target=\"_blank\"><img loading=\"lazy\" decoding=\"async\" class=\"alignnone wp-image-586 size-full\" src=\"https:\/\/www.gemzse.hu\/wp-content\/uploads\/2016\/04\/Vad\u00e1szter\u00fcleti-aj\u00e1nl\u00e1s-\u00e1tn\u00e9zeti-t\u00e9rk\u00e9pe.jpg\" alt=\"Vad\u00e1szter\u00fcleti aj\u00e1nl\u00e1s \u00e1tn\u00e9zeti t\u00e9rk\u00e9pe\" width=\"632\" height=\"422\" srcset=\"https:\/\/www.gemzse.hu\/wp-content\/uploads\/2016\/04\/Vad\u00e1szter\u00fcleti-aj\u00e1nl\u00e1s-\u00e1tn\u00e9zeti-t\u00e9rk\u00e9pe.jpg 632w, https:\/\/www.gemzse.hu\/wp-content\/uploads\/2016\/04\/Vad\u00e1szter\u00fcleti-aj\u00e1nl\u00e1s-\u00e1tn\u00e9zeti-t\u00e9rk\u00e9pe-300x200.jpg 300w\" sizes=\"auto, (max-width: 632px) 100vw, 632px\" \/><\/a><\/p>\n<p>A k\u00e9pre kattintva let\u00f6ltheti a dokumentumokat.<\/p>\n","protected":false},"excerpt":{"rendered":"<p>Szabolcs-Szatm\u00e1r-Bereg Megyei\u00a0Korm\u00e1nyhivatal &nbsp; T\u00e1rgy: Aj\u00e1nl\u00e1s vad\u00e1szter\u00fclet hat\u00e1r\u00e1ra Iktat\u00f3sz\u00e1m: SZ\/83\/03183-1\/2016. AJ\u00c1NL\u00c1S A Szabolcs-Szatm\u00e1r-Bereg Megyei Korm\u00e1nyhivatal hivatalb\u00f3l aj\u00e1nl\u00e1st tesz k\u00f6zz\u00e9 hirdetm\u00e9nyi \u00faton a 15-851550-110 k\u00f3dsz\u00e1m\u00fa vad\u00e1szter\u00fclet hat\u00e1r\u00e1ra, a 2017.03.01-t\u0151l- 2037.02.28-ig tart\u00f3 \u00fczemtervi ciklusra az al\u00e1bbiak szerint: A k\u00e9pre kattintva let\u00f6ltheti a dokumentumokat. T\u00e1rgy: Aj\u00e1nl\u00e1s vad\u00e1szter\u00fclet hat\u00e1r\u00e1ra Iktat\u00f3sz\u00e1m: SZ\/83\/03181-1\/2016. AJ\u00c1NL\u00c1S A Szabolcs-Szatm\u00e1r-Bereg Megyei Korm\u00e1nyhivatal hivatalb\u00f3l aj\u00e1nl\u00e1st tesz k\u00f6zz\u00e9 &hellip; <\/p>\n<p><a class=\"more-link btn\" href=\"https:\/\/www.gemzse.hu\/?p=558\">Olvass tov\u00e1bb<\/a><\/p>\n","protected":false},"author":1,"featured_media":0,"comment_status":"closed","ping_status":"closed","sticky":false,"template":"","format":"standard","meta":{"footnotes":""},"categories":[1],"tags":[],"class_list":["post-558","post","type-post","status-publish","format-standard","hentry","category-egyeb","item-wrap"],"_links":{"self":[{"href":"https:\/\/www.gemzse.hu\/index.php?rest_route=\/wp\/v2\/posts\/558","targetHints":{"allow":["GET"]}}],"collection":[{"href":"https:\/\/www.gemzse.hu\/index.php?rest_route=\/wp\/v2\/posts"}],"about":[{"href":"https:\/\/www.gemzse.hu\/index.php?rest_route=\/wp\/v2\/types\/post"}],"author":[{"embeddable":true,"href":"https:\/\/www.gemzse.hu\/index.php?rest_route=\/wp\/v2\/users\/1"}],"replies":[{"embeddable":true,"href":"https:\/\/www.gemzse.hu\/index.php?rest_route=%2Fwp%2Fv2%2Fcomments&post=558"}],"version-history":[{"count":11,"href":"https:\/\/www.gemzse.hu\/index.php?rest_route=\/wp\/v2\/posts\/558\/revisions"}],"predecessor-version":[{"id":588,"href":"https:\/\/www.gemzse.hu\/index.php?rest_route=\/wp\/v2\/posts\/558\/revisions\/588"}],"wp:attachment":[{"href":"https:\/\/www.gemzse.hu\/index.php?rest_route=%2Fwp%2Fv2%2Fmedia&parent=558"}],"wp:term":[{"taxonomy":"category","embeddable":true,"href":"https:\/\/www.gemzse.hu\/index.php?rest_route=%2Fwp%2Fv2%2Fcategories&post=558"},{"taxonomy":"post_tag","embeddable":true,"href":"https:\/\/www.gemzse.hu\/index.php?rest_route=%2Fwp%2Fv2%2Ftags&post=558"}],"curies":[{"name":"wp","href":"https:\/\/api.w.org\/{rel}","templated":true}]}}